{"id":336481,"date":"2024-08-22T16:44:58","date_gmt":"2024-08-22T13:44:58","guid":{"rendered":"https:\/\/sana.sy\/es\/?p=336481"},"modified":"2024-08-22T16:44:58","modified_gmt":"2024-08-22T13:44:58","slug":"siria-y-organizacion-finlandesa-de-socorro-abordan-cooperacion-para-apoyar-a-personas-con-discapacidad","status":"publish","type":"post","link":"https:\/\/archive.sana.sy\/es\/?p=336481","title":{"rendered":"Siria y Organizaci\u00f3n Finlandesa de Socorro abordan cooperaci\u00f3n para apoyar a personas con discapacidad"},"content":{"rendered":"<p style=\"text-align: justify;\"><span style=\"color: #800000;\"><strong>Damasco, 22 ago (SANA)\u00a0<\/strong><\/span> \u00a0El ministro sirio de Asuntos Sociales y Trabajo, Louay Al-Munajjid, analiz\u00f3 hoy con el director de la Organizaci\u00f3n Finlandesa de Socorro, Mazen Makhzoum, las relaciones de cooperaci\u00f3n conjunta entre las dos partes y las formas de impulsarlas en varios \u00e1mbitos.<\/p>\n<p style=\"text-align: justify;\">El Ministro sirio se\u00f1al\u00f3 la importancia de cooperar con la referida organizaci\u00f3n en muchas \u00e1reas relacionadas con la protecci\u00f3n social y el mercado laboral y desarrollar programas especiales para personas con discapacidad para capacitarlas y formarlas con el objetivo de poder ingresar al mercado laboral.<\/p>\n<p style=\"text-align: justify;\">Asimismo, enfatiz\u00f3 la necesidad de establecer cooperaciones con organizaciones no gubernamentales locales para apoyar su trabajo sobre el terreno y lograr un impacto tangible.<\/p>\n<p style=\"text-align: justify;\">Por su parte, el director de la mencionada organizaci\u00f3n manifest\u00f3 su deseo de firmar un acuerdo de cooperaci\u00f3n con Siria que incluya todos los campos, centr\u00e1ndose en las personas con discapacidad y preparar programas que contribuyan a su integraci\u00f3n en la escuela y en la sociedad.<\/p>\n<p style=\"text-align: justify;\">sm<\/p>\n","protected":false},"excerpt":{"rendered":"<p>Damasco, 22 ago (SANA)\u00a0 \u00a0El ministro sirio de Asuntos Sociales y Trabajo, Louay Al-Munajjid, analiz\u00f3 hoy con el director de la Organizaci\u00f3n Finlandesa de Socorro, Mazen Makhzoum, las relaciones de cooperaci\u00f3n conjunta entre las dos partes y las formas de impulsarlas en varios \u00e1mbitos. El Ministro sirio se\u00f1al\u00f3 la importancia de cooperar con la referida &hellip;<\/p>\n","protected":false},"author":39,"featured_media":336482,"comment_status":"closed","ping_status":"closed","sticky":false,"template":"","format":"standard","meta":{"footnotes":""},"categories":[477,597,467,7541],"tags":[],"class_list":["post-336481","post","type-post","status-publish","format-standard","has-post-thumbnail","","category-noticias-edulcorantes","category-cinta-de-noticias","category-siria-y-el-mundo","category-ultimas-noticias"],"_links":{"self":[{"href":"https:\/\/archive.sana.sy\/es\/index.php?rest_route=\/wp\/v2\/posts\/336481"}],"collection":[{"href":"https:\/\/archive.sana.sy\/es\/index.php?rest_route=\/wp\/v2\/posts"}],"about":[{"href":"https:\/\/archive.sana.sy\/es\/index.php?rest_route=\/wp\/v2\/types\/post"}],"author":[{"embeddable":true,"href":"https:\/\/archive.sana.sy\/es\/index.php?rest_route=\/wp\/v2\/users\/39"}],"replies":[{"embeddable":true,"href":"https:\/\/archive.sana.sy\/es\/index.php?rest_route=%2Fwp%2Fv2%2Fcomments&post=336481"}],"version-history":[{"count":1,"href":"https:\/\/archive.sana.sy\/es\/index.php?rest_route=\/wp\/v2\/posts\/336481\/revisions"}],"predecessor-version":[{"id":336483,"href":"https:\/\/archive.sana.sy\/es\/index.php?rest_route=\/wp\/v2\/posts\/336481\/revisions\/336483"}],"wp:featuredmedia":[{"embeddable":true,"href":"https:\/\/archive.sana.sy\/es\/index.php?rest_route=\/wp\/v2\/media\/336482"}],"wp:attachment":[{"href":"https:\/\/archive.sana.sy\/es\/index.php?rest_route=%2Fwp%2Fv2%2Fmedia&parent=336481"}],"wp:term":[{"taxonomy":"category","embeddable":true,"href":"https:\/\/archive.sana.sy\/es\/index.php?rest_route=%2Fwp%2Fv2%2Fcategories&post=336481"},{"taxonomy":"post_tag","embeddable":true,"href":"https:\/\/archive.sana.sy\/es\/index.php?rest_route=%2Fwp%2Fv2%2Ftags&post=336481"}],"curies":[{"name":"wp","href":"https:\/\/api.w.org\/{rel}","templated":true}]}}