{"id":336491,"date":"2024-08-22T20:32:06","date_gmt":"2024-08-22T17:32:06","guid":{"rendered":"https:\/\/sana.sy\/es\/?p=336491"},"modified":"2024-08-22T20:32:06","modified_gmt":"2024-08-22T17:32:06","slug":"jose-lana-nuevo-entrenador-del-equipo-sirio-de-futbol","status":"publish","type":"post","link":"https:\/\/archive.sana.sy\/es\/?p=336491","title":{"rendered":"Jos\u00e9 Lana nuevo entrenador del equipo sirio de f\u00fatbol"},"content":{"rendered":"<p style=\"text-align: justify;\"><span style=\"color: #800000;\"><strong>Damasco, 22 ago (SANA)<\/strong><\/span> La Asociaci\u00f3n Siria de F\u00fatbol anunci\u00f3 la contrataci\u00f3n del entrenador espa\u00f1ol Jos\u00e9 Mar\u00eda Lana Fern\u00e1ndez como director t\u00e9cnico de la selecci\u00f3n siria.<\/p>\n<p style=\"text-align: justify;\">Lana, nacido en 1975, posee la licencia \u201cUEFA Pro\u201d y lider\u00f3 a la selecci\u00f3n espa\u00f1ola a ganar la copa del Campeonato de Europa Juvenil este verano contra Francia.<\/p>\n<p style=\"text-align: justify;\">Tambi\u00e9n, fue entrenador del equipo espa\u00f1ol sub-19 en 24 partidos, ganando 18, empatando 5 y perdiendo s\u00f3lo uno.<\/p>\n<p style=\"text-align: justify;\">Cabe destacar que el ex entrenador H\u00e9ctor C\u00faper present\u00f3 su dimisi\u00f3n del cargo tras el fracaso del equipo nacional sirio en clasificarse para la tercera ronda de los clasificatorios a la Copa Mundial.<\/p>\n<p>ahs\/rr<\/p>\n","protected":false},"excerpt":{"rendered":"<p>Damasco, 22 ago (SANA) La Asociaci\u00f3n Siria de F\u00fatbol anunci\u00f3 la contrataci\u00f3n del entrenador espa\u00f1ol Jos\u00e9 Mar\u00eda Lana Fern\u00e1ndez como director t\u00e9cnico de la selecci\u00f3n siria. Lana, nacido en 1975, posee la licencia \u201cUEFA Pro\u201d y lider\u00f3 a la selecci\u00f3n espa\u00f1ola a ganar la copa del Campeonato de Europa Juvenil este verano contra Francia. Tambi\u00e9n, &hellip;<\/p>\n","protected":false},"author":43,"featured_media":336492,"comment_status":"closed","ping_status":"closed","sticky":false,"template":"","format":"standard","meta":{"footnotes":""},"categories":[597,494,7541],"tags":[],"class_list":["post-336491","post","type-post","status-publish","format-standard","has-post-thumbnail","","category-cinta-de-noticias","category-deportes","category-ultimas-noticias"],"_links":{"self":[{"href":"https:\/\/archive.sana.sy\/es\/index.php?rest_route=\/wp\/v2\/posts\/336491"}],"collection":[{"href":"https:\/\/archive.sana.sy\/es\/index.php?rest_route=\/wp\/v2\/posts"}],"about":[{"href":"https:\/\/archive.sana.sy\/es\/index.php?rest_route=\/wp\/v2\/types\/post"}],"author":[{"embeddable":true,"href":"https:\/\/archive.sana.sy\/es\/index.php?rest_route=\/wp\/v2\/users\/43"}],"replies":[{"embeddable":true,"href":"https:\/\/archive.sana.sy\/es\/index.php?rest_route=%2Fwp%2Fv2%2Fcomments&post=336491"}],"version-history":[{"count":1,"href":"https:\/\/archive.sana.sy\/es\/index.php?rest_route=\/wp\/v2\/posts\/336491\/revisions"}],"predecessor-version":[{"id":336493,"href":"https:\/\/archive.sana.sy\/es\/index.php?rest_route=\/wp\/v2\/posts\/336491\/revisions\/336493"}],"wp:featuredmedia":[{"embeddable":true,"href":"https:\/\/archive.sana.sy\/es\/index.php?rest_route=\/wp\/v2\/media\/336492"}],"wp:attachment":[{"href":"https:\/\/archive.sana.sy\/es\/index.php?rest_route=%2Fwp%2Fv2%2Fmedia&parent=336491"}],"wp:term":[{"taxonomy":"category","embeddable":true,"href":"https:\/\/archive.sana.sy\/es\/index.php?rest_route=%2Fwp%2Fv2%2Fcategories&post=336491"},{"taxonomy":"post_tag","embeddable":true,"href":"https:\/\/archive.sana.sy\/es\/index.php?rest_route=%2Fwp%2Fv2%2Ftags&post=336491"}],"curies":[{"name":"wp","href":"https:\/\/api.w.org\/{rel}","templated":true}]}}