{"id":336502,"date":"2024-08-23T12:09:46","date_gmt":"2024-08-23T09:09:46","guid":{"rendered":"https:\/\/sana.sy\/es\/?p=336502"},"modified":"2024-08-23T16:00:51","modified_gmt":"2024-08-23T13:00:51","slug":"mueren-dos-libaneses-en-una-agresion-aerea-israeli-contra-el-sur-del-libano","status":"publish","type":"post","link":"https:\/\/archive.sana.sy\/es\/?p=336502","title":{"rendered":"Mueren siete libaneses en una agresi\u00f3n a\u00e9rea israel\u00ed contra el sur del L\u00edbano"},"content":{"rendered":"<p style=\"text-align: justify;\"><span style=\"color: #800000;\"><strong>Beirut, 23 ago (SANA)\u00a0 <\/strong><\/span>Siete libaneses, entre ellos un ni\u00f1o, murieron hoy como resultado de los ataques israel\u00edes contra varias localidades del sur del L\u00edbano.<\/p>\n<p style=\"text-align: justify;\">\u201cEl ataque del enemigo israel\u00ed contra el poblado de Tair Harfa provoc\u00f3 la muerte de tres personas, mientras que el ataque contra el poblado de Aita al-Jabal caus\u00f3 la muerte de dos personas, entre ellas un ni\u00f1o de siete a\u00f1os\u201d, declar\u00f3 el Ministerio de Salud liban\u00e9s.<\/p>\n<p style=\"text-align: justify;\">La referida entidad se\u00f1al\u00f3 que otro ataque israel\u00ed contra la localidad de Mays al-Jabal dej\u00f3 muerta a una persona y lesionadas a otras dos.<\/p>\n<p style=\"text-align: justify;\">Asimismo, una agresi\u00f3n israel\u00ed cobr\u00f3 la vida de un civil en la localidad de Aitaroun e hiri\u00f3 a otro.<\/p>\n<p style=\"text-align: justify;\">Durante las \u00faltimas 12 horas, las fuerzas israel\u00edes lanzaron bengalas luminosas sobre las aldeas libanesas fronterizas cercanas a la l\u00ednea azul, mientras que sus aviones de combate y reconocimiento continuaron sobrevolando las aldeas del sur del L\u00edbano.<\/p>\n<p style=\"text-align: justify;\"><em><strong>ah\/ahs\/sm<\/strong><\/em><\/p>\n","protected":false},"excerpt":{"rendered":"<p>Beirut, 23 ago (SANA)\u00a0 Siete libaneses, entre ellos un ni\u00f1o, murieron hoy como resultado de los ataques israel\u00edes contra varias localidades del sur del L\u00edbano. \u201cEl ataque del enemigo israel\u00ed contra el poblado de Tair Harfa provoc\u00f3 la muerte de tres personas, mientras que el ataque contra el poblado de Aita al-Jabal caus\u00f3 la muerte &hellip;<\/p>\n","protected":false},"author":30,"featured_media":336503,"comment_status":"closed","ping_status":"closed","sticky":false,"template":"","format":"standard","meta":{"footnotes":""},"categories":[597,456,20724,7541],"tags":[],"class_list":["post-336502","post","type-post","status-publish","format-standard","has-post-thumbnail","","category-cinta-de-noticias","category-arabe-internacional-politica","category-minuto-a-minuto","category-ultimas-noticias"],"_links":{"self":[{"href":"https:\/\/archive.sana.sy\/es\/index.php?rest_route=\/wp\/v2\/posts\/336502"}],"collection":[{"href":"https:\/\/archive.sana.sy\/es\/index.php?rest_route=\/wp\/v2\/posts"}],"about":[{"href":"https:\/\/archive.sana.sy\/es\/index.php?rest_route=\/wp\/v2\/types\/post"}],"author":[{"embeddable":true,"href":"https:\/\/archive.sana.sy\/es\/index.php?rest_route=\/wp\/v2\/users\/30"}],"replies":[{"embeddable":true,"href":"https:\/\/archive.sana.sy\/es\/index.php?rest_route=%2Fwp%2Fv2%2Fcomments&post=336502"}],"version-history":[{"count":4,"href":"https:\/\/archive.sana.sy\/es\/index.php?rest_route=\/wp\/v2\/posts\/336502\/revisions"}],"predecessor-version":[{"id":336519,"href":"https:\/\/archive.sana.sy\/es\/index.php?rest_route=\/wp\/v2\/posts\/336502\/revisions\/336519"}],"wp:featuredmedia":[{"embeddable":true,"href":"https:\/\/archive.sana.sy\/es\/index.php?rest_route=\/wp\/v2\/media\/336503"}],"wp:attachment":[{"href":"https:\/\/archive.sana.sy\/es\/index.php?rest_route=%2Fwp%2Fv2%2Fmedia&parent=336502"}],"wp:term":[{"taxonomy":"category","embeddable":true,"href":"https:\/\/archive.sana.sy\/es\/index.php?rest_route=%2Fwp%2Fv2%2Fcategories&post=336502"},{"taxonomy":"post_tag","embeddable":true,"href":"https:\/\/archive.sana.sy\/es\/index.php?rest_route=%2Fwp%2Fv2%2Ftags&post=336502"}],"curies":[{"name":"wp","href":"https:\/\/api.w.org\/{rel}","templated":true}]}}