{"id":336506,"date":"2024-08-23T13:19:47","date_gmt":"2024-08-23T10:19:47","guid":{"rendered":"https:\/\/sana.sy\/es\/?p=336506"},"modified":"2024-08-23T13:19:47","modified_gmt":"2024-08-23T10:19:47","slug":"israel-persiste-en-mascarar-a-los-gazaties-por-322-dia-consecutivo","status":"publish","type":"post","link":"https:\/\/archive.sana.sy\/es\/?p=336506","title":{"rendered":"\u201cIsrael\u201d persiste en mascarar a los gazat\u00edes por 322 d\u00eda consecutivo"},"content":{"rendered":"<p style=\"text-align: justify;\"><span style=\"color: #800000;\"><strong>Jerusal\u00e9n ocupada, 23 ago (SANA)<\/strong><\/span> Varios palestinos murieron y otros resultaron heridos este viernes debido a nuevos ataques perpetrados por \u201cIsrael\u201d en el d\u00eda 322 consecutivo de su persistente agresi\u00f3n contra la Franja de Gaza.<\/p>\n<p style=\"text-align: justify;\">La agencia palestina Wafa inform\u00f3 que la aviaci\u00f3n israel\u00ed bombarde\u00f3 una casa al oeste del campamento de refugiados de Nuseirat, en el centro de Gaza, lo que provoc\u00f3 la muerte de cuatro civiles y dej\u00f3 a otros heridos.<\/p>\n<p style=\"text-align: justify;\">Adem\u00e1s, report\u00f3 otros cuatro palestinos muertos por ataque israel\u00ed contra un veh\u00edculo al sureste de Khan Yunis, en el sur de la Franja de Gaza.<\/p>\n<p style=\"text-align: justify;\">En su informe estad\u00edstico diario, el Ministerio de Salud palestino anunci\u00f3 ayer que el n\u00famero de v\u00edctimas de la agresi\u00f3n sionista lanzada el pasado 7 de octubre ascendi\u00f3 a 40 mil 265 muertos y 93 mil 144 heridos.<\/p>\n<p style=\"text-align: justify;\">Adem\u00e1s, inform\u00f3 que varias v\u00edctimas permanecen atrapados bajo los escombros o en las calles, sin que los equipos de rescate puedan llegar a ellos.<\/p>\n<p style=\"text-align: justify;\"><em><strong>ah<\/strong><\/em><\/p>\n","protected":false},"excerpt":{"rendered":"<p>Jerusal\u00e9n ocupada, 23 ago (SANA) Varios palestinos murieron y otros resultaron heridos este viernes debido a nuevos ataques perpetrados por \u201cIsrael\u201d en el d\u00eda 322 consecutivo de su persistente agresi\u00f3n contra la Franja de Gaza. La agencia palestina Wafa inform\u00f3 que la aviaci\u00f3n israel\u00ed bombarde\u00f3 una casa al oeste del campamento de refugiados de Nuseirat, &hellip;<\/p>\n","protected":false},"author":30,"featured_media":336507,"comment_status":"closed","ping_status":"closed","sticky":false,"template":"","format":"standard","meta":{"footnotes":""},"categories":[597,456,20724,583],"tags":[],"class_list":["post-336506","post","type-post","status-publish","format-standard","has-post-thumbnail","","category-cinta-de-noticias","category-arabe-internacional-politica","category-minuto-a-minuto","category-slide"],"_links":{"self":[{"href":"https:\/\/archive.sana.sy\/es\/index.php?rest_route=\/wp\/v2\/posts\/336506"}],"collection":[{"href":"https:\/\/archive.sana.sy\/es\/index.php?rest_route=\/wp\/v2\/posts"}],"about":[{"href":"https:\/\/archive.sana.sy\/es\/index.php?rest_route=\/wp\/v2\/types\/post"}],"author":[{"embeddable":true,"href":"https:\/\/archive.sana.sy\/es\/index.php?rest_route=\/wp\/v2\/users\/30"}],"replies":[{"embeddable":true,"href":"https:\/\/archive.sana.sy\/es\/index.php?rest_route=%2Fwp%2Fv2%2Fcomments&post=336506"}],"version-history":[{"count":1,"href":"https:\/\/archive.sana.sy\/es\/index.php?rest_route=\/wp\/v2\/posts\/336506\/revisions"}],"predecessor-version":[{"id":336508,"href":"https:\/\/archive.sana.sy\/es\/index.php?rest_route=\/wp\/v2\/posts\/336506\/revisions\/336508"}],"wp:featuredmedia":[{"embeddable":true,"href":"https:\/\/archive.sana.sy\/es\/index.php?rest_route=\/wp\/v2\/media\/336507"}],"wp:attachment":[{"href":"https:\/\/archive.sana.sy\/es\/index.php?rest_route=%2Fwp%2Fv2%2Fmedia&parent=336506"}],"wp:term":[{"taxonomy":"category","embeddable":true,"href":"https:\/\/archive.sana.sy\/es\/index.php?rest_route=%2Fwp%2Fv2%2Fcategories&post=336506"},{"taxonomy":"post_tag","embeddable":true,"href":"https:\/\/archive.sana.sy\/es\/index.php?rest_route=%2Fwp%2Fv2%2Ftags&post=336506"}],"curies":[{"name":"wp","href":"https:\/\/api.w.org\/{rel}","templated":true}]}}