{"id":336509,"date":"2024-08-23T14:51:58","date_gmt":"2024-08-23T11:51:58","guid":{"rendered":"https:\/\/sana.sy\/es\/?p=336509"},"modified":"2024-08-23T16:04:14","modified_gmt":"2024-08-23T13:04:14","slug":"cancilleres-de-siria-e-iran-acuerdan-fortalecer-relaciones-estrategicas-entre-los-dos-paises","status":"publish","type":"post","link":"https:\/\/archive.sana.sy\/es\/?p=336509","title":{"rendered":"Cancilleres de Siria e Ir\u00e1n acuerdan fortalecer relaciones estrat\u00e9gicas entre ambos pa\u00edses"},"content":{"rendered":"<p style=\"text-align: justify;\"><span style=\"color: #800000;\"><strong>Damasco, 23 ago (SANA)\u00a0<\/strong><\/span> El ministro sirio de Asuntos Exteriores y Expatriados, Faisal Al-Mekdad, realiz\u00f3 una llamada telef\u00f3nica con Abbas Araghchi felicit\u00e1ndolo con motivo de asumir el cargo de ministro de Asuntos Exteriores de la Rep\u00fablica Isl\u00e1mica de Ir\u00e1n.<\/p>\n<p style=\"text-align: justify;\">Al-Mekdad transmiti\u00f3 los saludos del Presidente Bashar Al-Assad al l\u00edder de la Revoluci\u00f3n Iran\u00ed, Ali Khamenei, y a Masoud Pezeshkian, presidente de Ir\u00e1n.<\/p>\n<p style=\"text-align: justify;\">Durante la llamada telef\u00f3nica, ambos Ministros destacaron la importancia de impulsar y fortalecer los lazos estrat\u00e9gicos entre los dos pa\u00edses hacia horizontes m\u00e1s amplios.<\/p>\n<p style=\"text-align: justify;\">Aem\u00e1s, el Canciller sirio subray\u00f3 la importancia de lo que el nuevo liderazgo iran\u00ed enfatiz\u00f3 sobre el trabajo incansable para mejorar las relaciones entre Ir\u00e1n y sus vecinos.<\/p>\n<p style=\"text-align: justify;\">Los dos ministros acordaron continuar coordinando posiciones respecto a las cuestiones regionales, incluido seguir apoyando al pueblo palestino. Tambi\u00e9n, condenaron en\u00e9rgicamente la pol\u00edtica de genocidio y los cr\u00edmenes cometidos por el ocupante israel\u00ed contra el pueblo palestino con plena impunidad.<\/p>\n<p style=\"text-align: justify;\">Asimismo, ambos titulares condenaron las pol\u00edticas occidentales, especialmente la de EEUU que apoya a \u201cIsrael\u201d en sus masacres contra el pueblo palestino, su falta de seriedad para detener estos cr\u00edmenes y su absoluto desprecio por el sufrimiento humano y de subsistencia del pueblo palestino.<\/p>\n<p style=\"text-align: justify;\">Tambi\u00e9n, los dos Ministros acordaron continuar las consultas y la coordinaci\u00f3n entre ambos sobre temas de inter\u00e9s para los dos pa\u00edses y los pueblos de la regi\u00f3n y el mundo.<\/p>\n<p style=\"text-align: justify;\">sm<\/p>\n","protected":false},"excerpt":{"rendered":"<p>Damasco, 23 ago (SANA)\u00a0 El ministro sirio de Asuntos Exteriores y Expatriados, Faisal Al-Mekdad, realiz\u00f3 una llamada telef\u00f3nica con Abbas Araghchi felicit\u00e1ndolo con motivo de asumir el cargo de ministro de Asuntos Exteriores de la Rep\u00fablica Isl\u00e1mica de Ir\u00e1n. Al-Mekdad transmiti\u00f3 los saludos del Presidente Bashar Al-Assad al l\u00edder de la Revoluci\u00f3n Iran\u00ed, Ali Khamenei, &hellip;<\/p>\n","protected":false},"author":39,"featured_media":336510,"comment_status":"closed","ping_status":"closed","sticky":false,"template":"","format":"standard","meta":{"footnotes":""},"categories":[597,20724,467,583],"tags":[],"class_list":["post-336509","post","type-post","status-publish","format-standard","has-post-thumbnail","","category-cinta-de-noticias","category-minuto-a-minuto","category-siria-y-el-mundo","category-slide"],"_links":{"self":[{"href":"https:\/\/archive.sana.sy\/es\/index.php?rest_route=\/wp\/v2\/posts\/336509"}],"collection":[{"href":"https:\/\/archive.sana.sy\/es\/index.php?rest_route=\/wp\/v2\/posts"}],"about":[{"href":"https:\/\/archive.sana.sy\/es\/index.php?rest_route=\/wp\/v2\/types\/post"}],"author":[{"embeddable":true,"href":"https:\/\/archive.sana.sy\/es\/index.php?rest_route=\/wp\/v2\/users\/39"}],"replies":[{"embeddable":true,"href":"https:\/\/archive.sana.sy\/es\/index.php?rest_route=%2Fwp%2Fv2%2Fcomments&post=336509"}],"version-history":[{"count":8,"href":"https:\/\/archive.sana.sy\/es\/index.php?rest_route=\/wp\/v2\/posts\/336509\/revisions"}],"predecessor-version":[{"id":336520,"href":"https:\/\/archive.sana.sy\/es\/index.php?rest_route=\/wp\/v2\/posts\/336509\/revisions\/336520"}],"wp:featuredmedia":[{"embeddable":true,"href":"https:\/\/archive.sana.sy\/es\/index.php?rest_route=\/wp\/v2\/media\/336510"}],"wp:attachment":[{"href":"https:\/\/archive.sana.sy\/es\/index.php?rest_route=%2Fwp%2Fv2%2Fmedia&parent=336509"}],"wp:term":[{"taxonomy":"category","embeddable":true,"href":"https:\/\/archive.sana.sy\/es\/index.php?rest_route=%2Fwp%2Fv2%2Fcategories&post=336509"},{"taxonomy":"post_tag","embeddable":true,"href":"https:\/\/archive.sana.sy\/es\/index.php?rest_route=%2Fwp%2Fv2%2Ftags&post=336509"}],"curies":[{"name":"wp","href":"https:\/\/api.w.org\/{rel}","templated":true}]}}