{"id":336521,"date":"2024-08-23T16:52:55","date_gmt":"2024-08-23T13:52:55","guid":{"rendered":"https:\/\/sana.sy\/es\/?p=336521"},"modified":"2024-08-23T16:53:56","modified_gmt":"2024-08-23T13:53:56","slug":"putin-manifiesta-disposicion-de-rusia-para-ayudar-a-azerbaiyan-y-armenia-a-concluir-un-tratado-de-paz","status":"publish","type":"post","link":"https:\/\/archive.sana.sy\/es\/?p=336521","title":{"rendered":"Putin manifiesta disposici\u00f3n de Rusia para ayudar a concluir un tratado de paz entre Azerbaiy\u00e1n y Armenia"},"content":{"rendered":"<p style=\"text-align: justify;\"><span style=\"color: #800000;\"><strong>Mosc\u00fa, 23 ago (SANA)\u00a0<\/strong><\/span> \u00a0El presidente ruso, Vlad\u00edmir Putin, mantuvo una conversaci\u00f3n telef\u00f3nica con el primer ministro armenio, Nikolai Pashinyan, en la que analiz\u00f3 los resultados de su visita a Azerbaiy\u00e1n la semana pasada.<\/p>\n<p style=\"text-align: justify;\">La presidencia del Consejo de Ministros de Armenia anunci\u00f3 que Pashinyan mantuvo una conversaci\u00f3n telef\u00f3nica con Putin, en la que le inform\u00f3 de las impresiones de su visita a Azerbaiy\u00e1n la semana pasada.<\/p>\n<p style=\"text-align: justify;\">Se\u00f1al\u00f3 que el primer ministro armenio\u00a0 acord\u00f3 reunirse con el presidente ruso en el futuro para analizar los temas de la agenda bilateral.<\/p>\n<p style=\"text-align: justify;\">A su vez, el Kremlin inform\u00f3 que las conversaciones entre ambas partes abordaron la normalizaci\u00f3n de las relaciones entre Armenia y Azerbaiy\u00e1n, mientras que la parte rusa expres\u00f3 su disposici\u00f3n a seguir brindando asistencia a Armenia y Azerbaiy\u00e1n para desarrollar un tratado de paz, incluido el fortalecimiento del proceso de demarcaci\u00f3n fronteriza y apertura de comunicaciones de transporte y servicios log\u00edsticos.<\/p>\n<p style=\"text-align: justify;\">sm<\/p>\n","protected":false},"excerpt":{"rendered":"<p>Mosc\u00fa, 23 ago (SANA)\u00a0 \u00a0El presidente ruso, Vlad\u00edmir Putin, mantuvo una conversaci\u00f3n telef\u00f3nica con el primer ministro armenio, Nikolai Pashinyan, en la que analiz\u00f3 los resultados de su visita a Azerbaiy\u00e1n la semana pasada. La presidencia del Consejo de Ministros de Armenia anunci\u00f3 que Pashinyan mantuvo una conversaci\u00f3n telef\u00f3nica con Putin, en la que le &hellip;<\/p>\n","protected":false},"author":39,"featured_media":336523,"comment_status":"closed","ping_status":"closed","sticky":false,"template":"","format":"standard","meta":{"footnotes":""},"categories":[597,456,16687,20724,7541],"tags":[],"class_list":["post-336521","post","type-post","status-publish","format-standard","has-post-thumbnail","","category-cinta-de-noticias","category-arabe-internacional-politica","category-internacionales","category-minuto-a-minuto","category-ultimas-noticias"],"_links":{"self":[{"href":"https:\/\/archive.sana.sy\/es\/index.php?rest_route=\/wp\/v2\/posts\/336521"}],"collection":[{"href":"https:\/\/archive.sana.sy\/es\/index.php?rest_route=\/wp\/v2\/posts"}],"about":[{"href":"https:\/\/archive.sana.sy\/es\/index.php?rest_route=\/wp\/v2\/types\/post"}],"author":[{"embeddable":true,"href":"https:\/\/archive.sana.sy\/es\/index.php?rest_route=\/wp\/v2\/users\/39"}],"replies":[{"embeddable":true,"href":"https:\/\/archive.sana.sy\/es\/index.php?rest_route=%2Fwp%2Fv2%2Fcomments&post=336521"}],"version-history":[{"count":2,"href":"https:\/\/archive.sana.sy\/es\/index.php?rest_route=\/wp\/v2\/posts\/336521\/revisions"}],"predecessor-version":[{"id":336527,"href":"https:\/\/archive.sana.sy\/es\/index.php?rest_route=\/wp\/v2\/posts\/336521\/revisions\/336527"}],"wp:featuredmedia":[{"embeddable":true,"href":"https:\/\/archive.sana.sy\/es\/index.php?rest_route=\/wp\/v2\/media\/336523"}],"wp:attachment":[{"href":"https:\/\/archive.sana.sy\/es\/index.php?rest_route=%2Fwp%2Fv2%2Fmedia&parent=336521"}],"wp:term":[{"taxonomy":"category","embeddable":true,"href":"https:\/\/archive.sana.sy\/es\/index.php?rest_route=%2Fwp%2Fv2%2Fcategories&post=336521"},{"taxonomy":"post_tag","embeddable":true,"href":"https:\/\/archive.sana.sy\/es\/index.php?rest_route=%2Fwp%2Fv2%2Ftags&post=336521"}],"curies":[{"name":"wp","href":"https:\/\/api.w.org\/{rel}","templated":true}]}}