{"id":336594,"date":"2024-08-24T19:52:56","date_gmt":"2024-08-24T16:52:56","guid":{"rendered":"https:\/\/sana.sy\/es\/?p=336594"},"modified":"2024-08-24T19:52:56","modified_gmt":"2024-08-24T16:52:56","slug":"museo-al-aire-libre-en-damasco","status":"publish","type":"post","link":"https:\/\/archive.sana.sy\/es\/?p=336594","title":{"rendered":"Museo al aire libre en Damasco"},"content":{"rendered":"<blockquote>\n<p style=\"text-align: justify;\"><span style=\"color: #993300;\">Este jard\u00edn sin par en Siria y la regi\u00f3n atesora antig\u00fcedades valiosas exhibidas al aire libre lo que permite al visitante hacer un viaje por lo que aconteci\u00f3 durante miles de a\u00f1os.<\/span><\/p>\n<\/blockquote>\n<p style=\"text-align: justify;\">\n<span style=\"color: #800000;\"><strong>Damasco, 24 ago (SANA)\u00a0<\/strong><\/span> Con cientos de piezas arqueol\u00f3gicas de las civilizaciones que florecieron en Siria, el parque del Museo Nacional de Damasco se convirti\u00f3 en un punto de atracci\u00f3n para el turismo y los amantes de la historia y el patrimonio.<\/p>\n<p style=\"text-align: justify;\">Este jard\u00edn sin par en Siria y la regi\u00f3n atesora antig\u00fcedades valiosas exhibidas al aire libre lo que permite al visitante hacer un viaje por lo que aconteci\u00f3 durante miles de a\u00f1os.<\/p>\n<p style=\"text-align: justify;\">Seg\u00fan las autoridades, este patio hist\u00f3rico simboliza el renacer de la vida cultural en Siria tras 13 a\u00f1os de guerra impuesta, que aparte de la invaluable p\u00e9rdida de vidas humanas, ha tenido tambi\u00e9n consecuencias devastadoras para el patrimonio cultural de ese pa\u00eds.<\/p>\n<p style=\"text-align: justify;\">El lugar alberga estatuas, mosaicos, puertas de piedra, columnas romanas y la emblem\u00e1tica estatua del Le\u00f3n de Al-Lat que fue evacuada del museo de Palmira e instalada en este parque tras someterse a una restauraci\u00f3n.<\/p>\n<p style=\"text-align: justify;\">La pieza m\u00e1s importante de las expuestas en el exterior es la fachada original del palacio Qasr al-Jayr al-Garbi, construido en el desierto sirio en el siglo VIII por los califas omeyas, y fue trasladado a Damasco donde se reconstruy\u00f3 y se instal\u00f3 como acceso principal al Museo Nacional.<\/p>\n<p style=\"text-align: justify;\">La colecci\u00f3n que acoge el museo cuenta con alrededor de 5000 tablillas de barro grabadas en escritura cuneiforme en idioma acadio y remontan al per\u00edodo babilonio antiguo.<\/p>\n<p style=\"text-align: justify;\">Los supervisores del museo aseguraron a Prensa Latina que el turismo ha comenzado a volver gradualmente al lugar, en particular de China, Rusia y de los pa\u00edses \u00e1rabes y europeos.<\/p>\n<p style=\"text-align: justify;\">Aseguran que la tarea en marcha para recuperar las antig\u00fcedades saqueadas durante la guerra no es nada f\u00e1cil, sin embargo, revelan que se ha logrado la devoluci\u00f3n de al menos 35 mil piezas antiguas.<\/p>\n<p style=\"text-align: justify;\">Seg\u00fan el supervisor del museo Shahin Mohammed, la muestra exhibida es solo una parte de lo rescatado, ya que la mayor parte se encuentra embalada y protegida en bodegas.<\/p>\n<p style=\"text-align: justify;\">Somos optimistas. En la actualidad, la situaci\u00f3n es mucho mejor de lo que era durante los a\u00f1os de la guerra. Y no tenemos la menor duda de que todo volver\u00e1 como antes y mejor, explic\u00f3.<\/p>\n<p style=\"text-align: justify;\"><span style=\"color: #0000ff;\"><strong>Fuente y Fotos: Prensa Latina<\/strong><\/span><\/p>\n<div id='gallery-1' class='gallery galleryid-336594 gallery-columns-1 gallery-size-full'><figure class='gallery-item'>\n\t\t\t<div class='gallery-icon landscape'>\n\t\t\t\t<a href='https:\/\/archive.sana.sy\/es\/wp-content\/uploads\/2024\/08\/photo_2024-08-24_19-27-33-3.jpg'><img loading=\"lazy\" decoding=\"async\" width=\"1280\" height=\"720\" src=\"https:\/\/archive.sana.sy\/es\/wp-content\/uploads\/2024\/08\/photo_2024-08-24_19-27-33-3.jpg\" class=\"attachment-full size-full\" alt=\"\" srcset=\"https:\/\/archive.sana.sy\/es\/wp-content\/uploads\/2024\/08\/photo_2024-08-24_19-27-33-3.jpg 1280w, https:\/\/archive.sana.sy\/es\/wp-content\/uploads\/2024\/08\/photo_2024-08-24_19-27-33-3-300x169.jpg 300w, https:\/\/archive.sana.sy\/es\/wp-content\/uploads\/2024\/08\/photo_2024-08-24_19-27-33-3-1024x576.jpg 1024w, https:\/\/archive.sana.sy\/es\/wp-content\/uploads\/2024\/08\/photo_2024-08-24_19-27-33-3-150x84.jpg 150w, https:\/\/archive.sana.sy\/es\/wp-content\/uploads\/2024\/08\/photo_2024-08-24_19-27-33-3-768x432.jpg 768w\" sizes=\"(max-width: 1280px) 100vw, 1280px\" \/><\/a>\n\t\t\t<\/div><\/figure><figure class='gallery-item'>\n\t\t\t<div class='gallery-icon landscape'>\n\t\t\t\t<a href='https:\/\/archive.sana.sy\/es\/wp-content\/uploads\/2024\/08\/photo_2024-08-24_19-27-32-2.jpg'><img loading=\"lazy\" decoding=\"async\" width=\"1280\" height=\"720\" src=\"https:\/\/archive.sana.sy\/es\/wp-content\/uploads\/2024\/08\/photo_2024-08-24_19-27-32-2.jpg\" class=\"attachment-full size-full\" alt=\"\" srcset=\"https:\/\/archive.sana.sy\/es\/wp-content\/uploads\/2024\/08\/photo_2024-08-24_19-27-32-2.jpg 1280w, https:\/\/archive.sana.sy\/es\/wp-content\/uploads\/2024\/08\/photo_2024-08-24_19-27-32-2-300x169.jpg 300w, https:\/\/archive.sana.sy\/es\/wp-content\/uploads\/2024\/08\/photo_2024-08-24_19-27-32-2-1024x576.jpg 1024w, https:\/\/archive.sana.sy\/es\/wp-content\/uploads\/2024\/08\/photo_2024-08-24_19-27-32-2-150x84.jpg 150w, https:\/\/archive.sana.sy\/es\/wp-content\/uploads\/2024\/08\/photo_2024-08-24_19-27-32-2-768x432.jpg 768w\" sizes=\"(max-width: 1280px) 100vw, 1280px\" \/><\/a>\n\t\t\t<\/div><\/figure><figure class='gallery-item'>\n\t\t\t<div class='gallery-icon landscape'>\n\t\t\t\t<a href='https:\/\/archive.sana.sy\/es\/wp-content\/uploads\/2024\/08\/photo_2024-08-24_19-27-32.jpg'><img loading=\"lazy\" decoding=\"async\" width=\"1280\" height=\"720\" src=\"https:\/\/archive.sana.sy\/es\/wp-content\/uploads\/2024\/08\/photo_2024-08-24_19-27-32.jpg\" class=\"attachment-full size-full\" alt=\"\" srcset=\"https:\/\/archive.sana.sy\/es\/wp-content\/uploads\/2024\/08\/photo_2024-08-24_19-27-32.jpg 1280w, https:\/\/archive.sana.sy\/es\/wp-content\/uploads\/2024\/08\/photo_2024-08-24_19-27-32-300x169.jpg 300w, https:\/\/archive.sana.sy\/es\/wp-content\/uploads\/2024\/08\/photo_2024-08-24_19-27-32-1024x576.jpg 1024w, https:\/\/archive.sana.sy\/es\/wp-content\/uploads\/2024\/08\/photo_2024-08-24_19-27-32-150x84.jpg 150w, https:\/\/archive.sana.sy\/es\/wp-content\/uploads\/2024\/08\/photo_2024-08-24_19-27-32-768x432.jpg 768w\" sizes=\"(max-width: 1280px) 100vw, 1280px\" \/><\/a>\n\t\t\t<\/div><\/figure><figure class='gallery-item'>\n\t\t\t<div class='gallery-icon landscape'>\n\t\t\t\t<a href='https:\/\/archive.sana.sy\/es\/wp-content\/uploads\/2024\/08\/photo_2024-08-24_19-27-33-2.jpg'><img loading=\"lazy\" decoding=\"async\" width=\"1280\" height=\"720\" src=\"https:\/\/archive.sana.sy\/es\/wp-content\/uploads\/2024\/08\/photo_2024-08-24_19-27-33-2.jpg\" class=\"attachment-full size-full\" alt=\"\" srcset=\"https:\/\/archive.sana.sy\/es\/wp-content\/uploads\/2024\/08\/photo_2024-08-24_19-27-33-2.jpg 1280w, https:\/\/archive.sana.sy\/es\/wp-content\/uploads\/2024\/08\/photo_2024-08-24_19-27-33-2-300x169.jpg 300w, https:\/\/archive.sana.sy\/es\/wp-content\/uploads\/2024\/08\/photo_2024-08-24_19-27-33-2-1024x576.jpg 1024w, https:\/\/archive.sana.sy\/es\/wp-content\/uploads\/2024\/08\/photo_2024-08-24_19-27-33-2-150x84.jpg 150w, https:\/\/archive.sana.sy\/es\/wp-content\/uploads\/2024\/08\/photo_2024-08-24_19-27-33-2-768x432.jpg 768w\" sizes=\"(max-width: 1280px) 100vw, 1280px\" \/><\/a>\n\t\t\t<\/div><\/figure>\n\t\t<\/div>\n\n","protected":false},"excerpt":{"rendered":"<p>Este jard\u00edn sin par en Siria y la regi\u00f3n atesora antig\u00fcedades valiosas exhibidas al aire libre lo que permite al visitante hacer un viaje por lo que aconteci\u00f3 durante miles de a\u00f1os. Damasco, 24 ago (SANA)\u00a0 Con cientos de piezas arqueol\u00f3gicas de las civilizaciones que florecieron en Siria, el parque del Museo Nacional de Damasco &hellip;<\/p>\n","protected":false},"author":31,"featured_media":336595,"comment_status":"closed","ping_status":"closed","sticky":false,"template":"","format":"standard","meta":{"footnotes":""},"categories":[597,510,476,583],"tags":[],"class_list":["post-336594","post","type-post","status-publish","format-standard","has-post-thumbnail","","category-cinta-de-noticias","category-arte-y-cultura","category-locales","category-slide"],"_links":{"self":[{"href":"https:\/\/archive.sana.sy\/es\/index.php?rest_route=\/wp\/v2\/posts\/336594"}],"collection":[{"href":"https:\/\/archive.sana.sy\/es\/index.php?rest_route=\/wp\/v2\/posts"}],"about":[{"href":"https:\/\/archive.sana.sy\/es\/index.php?rest_route=\/wp\/v2\/types\/post"}],"author":[{"embeddable":true,"href":"https:\/\/archive.sana.sy\/es\/index.php?rest_route=\/wp\/v2\/users\/31"}],"replies":[{"embeddable":true,"href":"https:\/\/archive.sana.sy\/es\/index.php?rest_route=%2Fwp%2Fv2%2Fcomments&post=336594"}],"version-history":[{"count":1,"href":"https:\/\/archive.sana.sy\/es\/index.php?rest_route=\/wp\/v2\/posts\/336594\/revisions"}],"predecessor-version":[{"id":336600,"href":"https:\/\/archive.sana.sy\/es\/index.php?rest_route=\/wp\/v2\/posts\/336594\/revisions\/336600"}],"wp:featuredmedia":[{"embeddable":true,"href":"https:\/\/archive.sana.sy\/es\/index.php?rest_route=\/wp\/v2\/media\/336595"}],"wp:attachment":[{"href":"https:\/\/archive.sana.sy\/es\/index.php?rest_route=%2Fwp%2Fv2%2Fmedia&parent=336594"}],"wp:term":[{"taxonomy":"category","embeddable":true,"href":"https:\/\/archive.sana.sy\/es\/index.php?rest_route=%2Fwp%2Fv2%2Fcategories&post=336594"},{"taxonomy":"post_tag","embeddable":true,"href":"https:\/\/archive.sana.sy\/es\/index.php?rest_route=%2Fwp%2Fv2%2Ftags&post=336594"}],"curies":[{"name":"wp","href":"https:\/\/api.w.org\/{rel}","templated":true}]}}