{"id":336601,"date":"2024-08-25T05:30:03","date_gmt":"2024-08-25T02:30:03","guid":{"rendered":"https:\/\/sana.sy\/es\/?p=336601"},"modified":"2024-08-25T05:48:18","modified_gmt":"2024-08-25T02:48:18","slug":"abatidos-tres-militares-israelies-por-la-resistencia-palestina-en-gaza","status":"publish","type":"post","link":"https:\/\/archive.sana.sy\/es\/?p=336601","title":{"rendered":"Abatidos tres militares israel\u00edes por la resistencia palestina en Gaza"},"content":{"rendered":"<p style=\"text-align: justify;\"><span style=\"color: #800000;\"><strong>Jerusal\u00e9n ocupada, 25 ago (SANA)\u00a0<\/strong> <\/span>El ej\u00e9rcito de ocupaci\u00f3n israel\u00ed reconoci\u00f3 hoy que tres de sus soldados murieron en el \u00faltimo d\u00eda durante choques con la resistencia palestina en el centro de la Franja de Gaza.<\/p>\n<p style=\"text-align: justify;\">La Resistencia inform\u00f3 que se produjeron feroces enfrentamientos con las fuerzas sionistas que intentaban penetrar al este de la ciudad de Deir Al-Balah, en la zona central de la Franja de Gaza, y agreg\u00f3 que helic\u00f3pteros aterrizaron en la zona para evacuar a los militares eliminados.<\/p>\n<p style=\"text-align: justify;\">Agreg\u00f3 que los resistentes tendieron una trampa a una fuerza sionista en la boca de uno de los t\u00faneles y lo detonaron, lo que caus\u00f3 la muerte y lesi\u00f3n de varios uniformados israel\u00edes.<\/p>\n<p style=\"text-align: justify;\">Tambi\u00e9n, deton\u00f3 un campo minado en varios veh\u00edculos y equipos de ingenier\u00eda israel\u00edes en la misma zona.<\/p>\n<p style=\"text-align: justify;\">Asimismo, los combatientes de la resistencia atacaron con proyectiles \u201cAl-Yassin 105\u201d dos tanques y un transporte de tropas al este de Deir Al-Balah.<\/p>\n<p style=\"text-align: justify;\">fm<\/p>\n","protected":false},"excerpt":{"rendered":"<p>Jerusal\u00e9n ocupada, 25 ago (SANA)\u00a0 El ej\u00e9rcito de ocupaci\u00f3n israel\u00ed reconoci\u00f3 hoy que tres de sus soldados murieron en el \u00faltimo d\u00eda durante choques con la resistencia palestina en el centro de la Franja de Gaza. La Resistencia inform\u00f3 que se produjeron feroces enfrentamientos con las fuerzas sionistas que intentaban penetrar al este de la &hellip;<\/p>\n","protected":false},"author":34,"featured_media":336602,"comment_status":"closed","ping_status":"closed","sticky":false,"template":"","format":"standard","meta":{"footnotes":""},"categories":[597,456,20724,583],"tags":[],"class_list":["post-336601","post","type-post","status-publish","format-standard","has-post-thumbnail","","category-cinta-de-noticias","category-arabe-internacional-politica","category-minuto-a-minuto","category-slide"],"_links":{"self":[{"href":"https:\/\/archive.sana.sy\/es\/index.php?rest_route=\/wp\/v2\/posts\/336601"}],"collection":[{"href":"https:\/\/archive.sana.sy\/es\/index.php?rest_route=\/wp\/v2\/posts"}],"about":[{"href":"https:\/\/archive.sana.sy\/es\/index.php?rest_route=\/wp\/v2\/types\/post"}],"author":[{"embeddable":true,"href":"https:\/\/archive.sana.sy\/es\/index.php?rest_route=\/wp\/v2\/users\/34"}],"replies":[{"embeddable":true,"href":"https:\/\/archive.sana.sy\/es\/index.php?rest_route=%2Fwp%2Fv2%2Fcomments&post=336601"}],"version-history":[{"count":2,"href":"https:\/\/archive.sana.sy\/es\/index.php?rest_route=\/wp\/v2\/posts\/336601\/revisions"}],"predecessor-version":[{"id":336607,"href":"https:\/\/archive.sana.sy\/es\/index.php?rest_route=\/wp\/v2\/posts\/336601\/revisions\/336607"}],"wp:featuredmedia":[{"embeddable":true,"href":"https:\/\/archive.sana.sy\/es\/index.php?rest_route=\/wp\/v2\/media\/336602"}],"wp:attachment":[{"href":"https:\/\/archive.sana.sy\/es\/index.php?rest_route=%2Fwp%2Fv2%2Fmedia&parent=336601"}],"wp:term":[{"taxonomy":"category","embeddable":true,"href":"https:\/\/archive.sana.sy\/es\/index.php?rest_route=%2Fwp%2Fv2%2Fcategories&post=336601"},{"taxonomy":"post_tag","embeddable":true,"href":"https:\/\/archive.sana.sy\/es\/index.php?rest_route=%2Fwp%2Fv2%2Ftags&post=336601"}],"curies":[{"name":"wp","href":"https:\/\/api.w.org\/{rel}","templated":true}]}}