{"id":336618,"date":"2024-08-25T18:00:07","date_gmt":"2024-08-25T15:00:07","guid":{"rendered":"https:\/\/sana.sy\/es\/?p=336618"},"modified":"2024-08-25T18:54:27","modified_gmt":"2024-08-25T15:54:27","slug":"inicia-reunion-anual-de-embajadores-y-jefes-de-las-misiones-diplomaticas-sirias-en-el-exterior","status":"publish","type":"post","link":"https:\/\/archive.sana.sy\/es\/?p=336618","title":{"rendered":"Inicia reuni\u00f3n anual de embajadores y jefes de las misiones diplom\u00e1ticas sirias en el exterior"},"content":{"rendered":"<p style=\"text-align: justify;\"><span style=\"color: #800000;\"><strong>Damasco, 25 ago (SANA)<\/strong><\/span> Inici\u00f3 hoy la reuni\u00f3n ordinaria de embajadores y representantes de las misiones diplom\u00e1ticas sirias en el exterior.<\/p>\n<p style=\"text-align: justify;\">En la cita que se efectu\u00f3 en la sede del Ministerio de Asuntos Exteriores y Expatriados en Damasco, la capital siria, intervino el canciller Faisal Al-Mekdad.<\/p>\n<p style=\"text-align: justify;\"><strong>Nota en desarrollo&#8230;<\/strong><\/p>\n<div id='gallery-1' class='gallery galleryid-336618 gallery-columns-1 gallery-size-full'><figure class='gallery-item'>\n\t\t\t<div class='gallery-icon landscape'>\n\t\t\t\t<a href='https:\/\/archive.sana.sy\/es\/wp-content\/uploads\/2024\/08\/2-5-scaled.jpg'><img loading=\"lazy\" decoding=\"async\" width=\"2560\" height=\"1920\" src=\"https:\/\/archive.sana.sy\/es\/wp-content\/uploads\/2024\/08\/2-5-scaled.jpg\" class=\"attachment-full size-full\" alt=\"\" srcset=\"https:\/\/archive.sana.sy\/es\/wp-content\/uploads\/2024\/08\/2-5-scaled.jpg 2560w, https:\/\/archive.sana.sy\/es\/wp-content\/uploads\/2024\/08\/2-5-300x225.jpg 300w, https:\/\/archive.sana.sy\/es\/wp-content\/uploads\/2024\/08\/2-5-1024x768.jpg 1024w, https:\/\/archive.sana.sy\/es\/wp-content\/uploads\/2024\/08\/2-5-150x112.jpg 150w, https:\/\/archive.sana.sy\/es\/wp-content\/uploads\/2024\/08\/2-5-768x576.jpg 768w, https:\/\/archive.sana.sy\/es\/wp-content\/uploads\/2024\/08\/2-5-1536x1152.jpg 1536w, https:\/\/archive.sana.sy\/es\/wp-content\/uploads\/2024\/08\/2-5-2048x1536.jpg 2048w\" sizes=\"(max-width: 2560px) 100vw, 2560px\" \/><\/a>\n\t\t\t<\/div><\/figure><figure class='gallery-item'>\n\t\t\t<div class='gallery-icon landscape'>\n\t\t\t\t<a href='https:\/\/archive.sana.sy\/es\/wp-content\/uploads\/2024\/08\/photo_2024-08-25_09-09-01-scaled.jpg'><img loading=\"lazy\" decoding=\"async\" width=\"2560\" height=\"1753\" src=\"https:\/\/archive.sana.sy\/es\/wp-content\/uploads\/2024\/08\/photo_2024-08-25_09-09-01-scaled.jpg\" class=\"attachment-full size-full\" alt=\"\" srcset=\"https:\/\/archive.sana.sy\/es\/wp-content\/uploads\/2024\/08\/photo_2024-08-25_09-09-01-scaled.jpg 2560w, https:\/\/archive.sana.sy\/es\/wp-content\/uploads\/2024\/08\/photo_2024-08-25_09-09-01-300x205.jpg 300w, https:\/\/archive.sana.sy\/es\/wp-content\/uploads\/2024\/08\/photo_2024-08-25_09-09-01-1024x701.jpg 1024w, https:\/\/archive.sana.sy\/es\/wp-content\/uploads\/2024\/08\/photo_2024-08-25_09-09-01-150x103.jpg 150w, https:\/\/archive.sana.sy\/es\/wp-content\/uploads\/2024\/08\/photo_2024-08-25_09-09-01-768x526.jpg 768w, https:\/\/archive.sana.sy\/es\/wp-content\/uploads\/2024\/08\/photo_2024-08-25_09-09-01-1536x1052.jpg 1536w, https:\/\/archive.sana.sy\/es\/wp-content\/uploads\/2024\/08\/photo_2024-08-25_09-09-01-2048x1402.jpg 2048w, https:\/\/archive.sana.sy\/es\/wp-content\/uploads\/2024\/08\/photo_2024-08-25_09-09-01-110x75.jpg 110w\" sizes=\"(max-width: 2560px) 100vw, 2560px\" \/><\/a>\n\t\t\t<\/div><\/figure>\n\t\t<\/div>\n\n<p><strong>fm\/ws<\/strong><\/p>\n","protected":false},"excerpt":{"rendered":"<p>Damasco, 25 ago (SANA) Inici\u00f3 hoy la reuni\u00f3n ordinaria de embajadores y representantes de las misiones diplom\u00e1ticas sirias en el exterior. En la cita que se efectu\u00f3 en la sede del Ministerio de Asuntos Exteriores y Expatriados en Damasco, la capital siria, intervino el canciller Faisal Al-Mekdad. Nota en desarrollo&#8230; fm\/ws<\/p>\n","protected":false},"author":35,"featured_media":336619,"comment_status":"closed","ping_status":"closed","sticky":false,"template":"","format":"standard","meta":{"footnotes":""},"categories":[447,477,597,20724,476,7541],"tags":[],"class_list":["post-336618","post","type-post","status-publish","format-standard","has-post-thumbnail","","category-local-politica","category-noticias-edulcorantes","category-cinta-de-noticias","category-minuto-a-minuto","category-locales","category-ultimas-noticias"],"_links":{"self":[{"href":"https:\/\/archive.sana.sy\/es\/index.php?rest_route=\/wp\/v2\/posts\/336618"}],"collection":[{"href":"https:\/\/archive.sana.sy\/es\/index.php?rest_route=\/wp\/v2\/posts"}],"about":[{"href":"https:\/\/archive.sana.sy\/es\/index.php?rest_route=\/wp\/v2\/types\/post"}],"author":[{"embeddable":true,"href":"https:\/\/archive.sana.sy\/es\/index.php?rest_route=\/wp\/v2\/users\/35"}],"replies":[{"embeddable":true,"href":"https:\/\/archive.sana.sy\/es\/index.php?rest_route=%2Fwp%2Fv2%2Fcomments&post=336618"}],"version-history":[{"count":1,"href":"https:\/\/archive.sana.sy\/es\/index.php?rest_route=\/wp\/v2\/posts\/336618\/revisions"}],"predecessor-version":[{"id":336622,"href":"https:\/\/archive.sana.sy\/es\/index.php?rest_route=\/wp\/v2\/posts\/336618\/revisions\/336622"}],"wp:featuredmedia":[{"embeddable":true,"href":"https:\/\/archive.sana.sy\/es\/index.php?rest_route=\/wp\/v2\/media\/336619"}],"wp:attachment":[{"href":"https:\/\/archive.sana.sy\/es\/index.php?rest_route=%2Fwp%2Fv2%2Fmedia&parent=336618"}],"wp:term":[{"taxonomy":"category","embeddable":true,"href":"https:\/\/archive.sana.sy\/es\/index.php?rest_route=%2Fwp%2Fv2%2Fcategories&post=336618"},{"taxonomy":"post_tag","embeddable":true,"href":"https:\/\/archive.sana.sy\/es\/index.php?rest_route=%2Fwp%2Fv2%2Ftags&post=336618"}],"curies":[{"name":"wp","href":"https:\/\/api.w.org\/{rel}","templated":true}]}}