{"id":336627,"date":"2024-08-25T12:50:16","date_gmt":"2024-08-25T09:50:16","guid":{"rendered":"https:\/\/sana.sy\/es\/?p=336627"},"modified":"2024-08-25T12:51:20","modified_gmt":"2024-08-25T09:51:20","slug":"tres-civiles-mueren-durante-nuevos-bombardeos-israelies-contra-el-sur-del-libano","status":"publish","type":"post","link":"https:\/\/archive.sana.sy\/es\/?p=336627","title":{"rendered":"Tres civiles mueren durante nuevos bombardeos israel\u00edes contra el sur del L\u00edbano"},"content":{"rendered":"<p style=\"text-align: justify;\"><span style=\"color: #800000;\"><strong>Beirut, 25 ago (SANA)<\/strong><\/span>\u00a0 \u00a0Tres personas murieron este domingo por nuevos ataques a\u00e9reos israel\u00edes contra varias localidades del sur del L\u00edbano.<\/p>\n<p style=\"text-align: justify;\">Las agresiones tuvieron lugar tras masivo ataque de la Resistencia Libanesa (Hezbol\u00e1) esta madrugada con drones y cohetes contra posiciones y cuarteles militares israel\u00edes en Palestina ocupada.<\/p>\n<p style=\"text-align: justify;\">El Centro de Operaciones de Emergencia del Ministerio de Salud P\u00fablica liban\u00e9s anunci\u00f3 en un comunicado el fallecimiento de un liban\u00e9s a causa de una incursi\u00f3n sionista contra un autom\u00f3vil en la localidad de Khiam.<\/p>\n<p style=\"text-align: justify;\">Seg\u00fan otra nota, dos personas perdieron su vida en semejante ataque contra la localidad de Al-Tiri, en el territorio sure\u00f1o.<\/p>\n<p style=\"text-align: justify;\">Adem\u00e1s, dos hombres fueron lesionados, entre ellos un desplazado sirio durante las agresiones.<\/p>\n<p style=\"text-align: justify;\">La Agencia Nacional de Noticias Libanesa inform\u00f3 que el r\u00e9gimen israel\u00ed lanz\u00f3 cuarenta ataques contra la mayor\u00eda de las regiones en el sur del L\u00edbano, lo que llev\u00f3 a la Resistencia Libanesa (Hezbol\u00e1) a disparar m\u00e1s de 320 cohetes contra posiciones israel\u00edes como respuesta de estas agresiones.<\/p>\n<p style=\"text-align: justify;\"><strong>ws\/fm<\/strong><\/p>\n","protected":false},"excerpt":{"rendered":"<p>Beirut, 25 ago (SANA)\u00a0 \u00a0Tres personas murieron este domingo por nuevos ataques a\u00e9reos israel\u00edes contra varias localidades del sur del L\u00edbano. Las agresiones tuvieron lugar tras masivo ataque de la Resistencia Libanesa (Hezbol\u00e1) esta madrugada con drones y cohetes contra posiciones y cuarteles militares israel\u00edes en Palestina ocupada. El Centro de Operaciones de Emergencia del &hellip;<\/p>\n","protected":false},"author":35,"featured_media":336628,"comment_status":"closed","ping_status":"closed","sticky":false,"template":"","format":"standard","meta":{"footnotes":""},"categories":[597,456,16687,20724,7541],"tags":[],"class_list":["post-336627","post","type-post","status-publish","format-standard","has-post-thumbnail","","category-cinta-de-noticias","category-arabe-internacional-politica","category-internacionales","category-minuto-a-minuto","category-ultimas-noticias"],"_links":{"self":[{"href":"https:\/\/archive.sana.sy\/es\/index.php?rest_route=\/wp\/v2\/posts\/336627"}],"collection":[{"href":"https:\/\/archive.sana.sy\/es\/index.php?rest_route=\/wp\/v2\/posts"}],"about":[{"href":"https:\/\/archive.sana.sy\/es\/index.php?rest_route=\/wp\/v2\/types\/post"}],"author":[{"embeddable":true,"href":"https:\/\/archive.sana.sy\/es\/index.php?rest_route=\/wp\/v2\/users\/35"}],"replies":[{"embeddable":true,"href":"https:\/\/archive.sana.sy\/es\/index.php?rest_route=%2Fwp%2Fv2%2Fcomments&post=336627"}],"version-history":[{"count":2,"href":"https:\/\/archive.sana.sy\/es\/index.php?rest_route=\/wp\/v2\/posts\/336627\/revisions"}],"predecessor-version":[{"id":336630,"href":"https:\/\/archive.sana.sy\/es\/index.php?rest_route=\/wp\/v2\/posts\/336627\/revisions\/336630"}],"wp:featuredmedia":[{"embeddable":true,"href":"https:\/\/archive.sana.sy\/es\/index.php?rest_route=\/wp\/v2\/media\/336628"}],"wp:attachment":[{"href":"https:\/\/archive.sana.sy\/es\/index.php?rest_route=%2Fwp%2Fv2%2Fmedia&parent=336627"}],"wp:term":[{"taxonomy":"category","embeddable":true,"href":"https:\/\/archive.sana.sy\/es\/index.php?rest_route=%2Fwp%2Fv2%2Fcategories&post=336627"},{"taxonomy":"post_tag","embeddable":true,"href":"https:\/\/archive.sana.sy\/es\/index.php?rest_route=%2Fwp%2Fv2%2Ftags&post=336627"}],"curies":[{"name":"wp","href":"https:\/\/api.w.org\/{rel}","templated":true}]}}