{"id":336631,"date":"2024-08-25T13:48:46","date_gmt":"2024-08-25T10:48:46","guid":{"rendered":"https:\/\/sana.sy\/es\/?p=336631"},"modified":"2024-08-25T18:43:37","modified_gmt":"2024-08-25T15:43:37","slug":"al-assad-pronuncia-un-discurso-ante-el-nuevo-parlamento","status":"publish","type":"post","link":"https:\/\/archive.sana.sy\/es\/?p=336631","title":{"rendered":"Al-Assad aborda temas nacionales, regionales e internacionales en un discurso pronunciado ante el nuevo Parlamento"},"content":{"rendered":"<p style=\"text-align: justify;\"><span style=\"color: #800000;\"><strong>Damasco, 25 ago (SANA) <\/strong><\/span>El presidente sirio Bashar Al-Assad, pronunci\u00f3 hoy un discurso en la Asamblea del Pueblo (Parlamento), en el que abord\u00f3 una serie de cuestiones relativas a la situaci\u00f3n en Siria, la relaci\u00f3n con T\u00fcrkiye y otros temas regionales e internacionales.<\/p>\n<p style=\"text-align: justify;\"><span style=\"color: #000080;\"><strong>Al-Assad: El Parlamento tiene rol clave en aprobar pol\u00edticas y visiones, y apoyar el di\u00e1logo \u00a0\u00a0<\/strong><\/span><\/p>\n<p style=\"text-align: justify;\">El mandatario consider\u00f3 que una determinada pol\u00edtica no puede ser correcta todo el tiempo debido a los cambios que est\u00e1n presenciando la regi\u00f3n y el mundo, y las transformaciones constantes en las reglas de la econom\u00eda, la pol\u00edtica, la seguridad y la cultura.<\/p>\n<p style=\"text-align: justify;\"><img loading=\"lazy\" decoding=\"async\" class=\"wp-image-336659 alignleft\" src=\"http:\/\/sana.sy\/es\/wp-content\/uploads\/2024\/08\/\u0643\u0644\u0645\u0629-\u0645\u062c\u0644\u0633-\u0627\u0644\u0634\u0639\u0628-12.jpg\" alt=\"\" width=\"263\" height=\"388\" srcset=\"https:\/\/archive.sana.sy\/es\/wp-content\/uploads\/2024\/08\/\u0643\u0644\u0645\u0629-\u0645\u062c\u0644\u0633-\u0627\u0644\u0634\u0639\u0628-12.jpg 1200w, https:\/\/archive.sana.sy\/es\/wp-content\/uploads\/2024\/08\/\u0643\u0644\u0645\u0629-\u0645\u062c\u0644\u0633-\u0627\u0644\u0634\u0639\u0628-12-204x300.jpg 204w, https:\/\/archive.sana.sy\/es\/wp-content\/uploads\/2024\/08\/\u0643\u0644\u0645\u0629-\u0645\u062c\u0644\u0633-\u0627\u0644\u0634\u0639\u0628-12-695x1024.jpg 695w, https:\/\/archive.sana.sy\/es\/wp-content\/uploads\/2024\/08\/\u0643\u0644\u0645\u0629-\u0645\u062c\u0644\u0633-\u0627\u0644\u0634\u0639\u0628-12-102x150.jpg 102w, https:\/\/archive.sana.sy\/es\/wp-content\/uploads\/2024\/08\/\u0643\u0644\u0645\u0629-\u0645\u062c\u0644\u0633-\u0627\u0644\u0634\u0639\u0628-12-768x1131.jpg 768w, https:\/\/archive.sana.sy\/es\/wp-content\/uploads\/2024\/08\/\u0643\u0644\u0645\u0629-\u0645\u062c\u0644\u0633-\u0627\u0644\u0634\u0639\u0628-12-1043x1536.jpg 1043w\" sizes=\"(max-width: 263px) 100vw, 263px\" \/>Opin\u00f3 que la prioridad en cuanto a las dif\u00edciles condiciones actuales de vida no es tranquilizar y elevar la moral de la gente, por muy importante que sea esto, sino explicar la realidad tal como es, analizarla y sugerir posibles soluciones.<\/p>\n<p style=\"text-align: justify;\">Al-Assad explic\u00f3 que las crisis econ\u00f3micas agudas constituyen un estado de inmunodeficiencia no visible y las guerras desvelan este estado de debilidad, y llam\u00f3 a analizar profundamente las tendencias econ\u00f3micas que Siria ha aplicado durante d\u00e9cadas.<\/p>\n<p style=\"text-align: justify;\">\u201cUna sola medida, por m\u00e1s correcta que sea, es una medida ineficaz, por lo que debemos partir de pol\u00edticas y visiones globales en nuestra relaci\u00f3n con la autoridad ejecutiva\u201d, puntualiz\u00f3.<\/p>\n<p style=\"text-align: justify;\">Agreg\u00f3 que la Asamblea del Pueblo es la m\u00e1s importante de las instituciones estatales y su influencia no ser\u00e1 tangible si el desarrollo no abarca todas las instituciones por la estrecha relaci\u00f3n entre ellas.<\/p>\n<p style=\"text-align: justify;\">Tambi\u00e9n, resalt\u00f3 el rol esencial del Parlamento a la hora de liderar el di\u00e1logo y el movimiento, y afrontar los desaf\u00edos con mecanismos eficaces que est\u00e9n a la altura de su papel nacional, y para hacerlo, deber\u00eda desarrollar su sistema interno.<\/p>\n<p style=\"text-align: justify;\"><span style=\"color: #000080;\"><strong>Al-Assad: Siria est\u00e1 atravesando circunstancias dif\u00edciles y las alternativas pueden ser dif\u00edciles pero no imposibles<\/strong><\/span><\/p>\n<p style=\"text-align: justify;\">Por otro lado, manifest\u00f3 que \u201cen Siria, hay que buscar las soluciones m\u00e1s apropiadas y menos da\u00f1inas\u201d, y que cada soluci\u00f3n conlleva aspectos positivos y negativos.<\/p>\n<p style=\"text-align: justify;\"><img loading=\"lazy\" decoding=\"async\" class=\"wp-image-336660 alignleft\" src=\"http:\/\/sana.sy\/es\/wp-content\/uploads\/2024\/08\/\u062a\u0648\u064a\u062a\u0631.jpg\" alt=\"\" width=\"473\" height=\"265\" srcset=\"https:\/\/archive.sana.sy\/es\/wp-content\/uploads\/2024\/08\/\u062a\u0648\u064a\u062a\u0631.jpg 1200w, https:\/\/archive.sana.sy\/es\/wp-content\/uploads\/2024\/08\/\u062a\u0648\u064a\u062a\u0631-300x168.jpg 300w, https:\/\/archive.sana.sy\/es\/wp-content\/uploads\/2024\/08\/\u062a\u0648\u064a\u062a\u0631-1024x573.jpg 1024w, https:\/\/archive.sana.sy\/es\/wp-content\/uploads\/2024\/08\/\u062a\u0648\u064a\u062a\u0631-150x84.jpg 150w, https:\/\/archive.sana.sy\/es\/wp-content\/uploads\/2024\/08\/\u062a\u0648\u064a\u062a\u0631-768x430.jpg 768w\" sizes=\"(max-width: 473px) 100vw, 473px\" \/>\u201cSe sabe que Siria est\u00e1 atravesando circunstancias dif\u00edciles y las alternativas pueden ser dif\u00edciles pero no imposibles, y esto significa que las visiones, pol\u00edticas y planes deber\u00edan basarse en hechos\u201d, aclar\u00f3 el Gobernante.<\/p>\n<p style=\"text-align: justify;\">En lo econ\u00f3mico, destac\u00f3 la prioridad de apoyar las peque\u00f1as y medianas empresas porque forman parte esencial de la econom\u00eda.<\/p>\n<p style=\"text-align: justify;\">\u201cLas peque\u00f1as empresas son esenciales para el crecimiento y constituyen la columna vertebral de la econom\u00eda\u201d, precis\u00f3.<\/p>\n<p style=\"text-align: justify;\">Cambiar la situaci\u00f3n no es imposible, como algunos creen, sino que es posible si cambiemos nuestra forma de tratar los problemas y activemos el trabajo de nuestras instituciones.<\/p>\n<p style=\"text-align: justify;\">De acuerdo con el Presidente, Siria es uno de los escenarios de los conflictos que presencia el mundo. \u201cEstamos ante la alternativa de verse afectados \u00fanicamente o influir y lograr el equilibrio, y para que este equilibrio sea completo, debemos trabajar duro, buscar soluciones y negarnos a someternos a la frustraci\u00f3n\u201d, enfatiz\u00f3.<\/p>\n<p style=\"text-align: justify;\"><strong><span style=\"color: #000080;\">Al-Assad: Recuperar la relaci\u00f3n con T\u00fcrkiye requiere primero eliminar las razones que llevaron a su destrucci\u00f3n<\/span><\/strong><\/p>\n<p style=\"text-align: justify;\">Presidente Al-Assad coment\u00f3 sobre la prolongada ruptura de relaciones con T\u00fcrkiye y se\u00f1al\u00f3 que \u201cla crisis global que vive el mundo y sus repercusiones nos impulsan a trabajar de manera acelerada para arreglar lo que pueda ser arreglado, lejos del dolor causado por la pu\u00f1alada de un vecino amigo\u201d.<\/p>\n<p style=\"text-align: justify;\">&#8220;Hemos tratado las iniciativas de Ir\u00e1n, Rusia e Iraq partiendo de la soberan\u00eda y el derecho internacional que son consistentes con los principios de todas las partes que toman en serio la recuperaci\u00f3n de la relaci\u00f3n entre Damasco y Ankara, adem\u00e1s de la lucha contra el terrorismo que es un inter\u00e9s com\u00fan para ambas partes&#8221;, dijo Al-Assad.<\/p>\n<p style=\"text-align: justify;\"><img loading=\"lazy\" decoding=\"async\" class=\"wp-image-336661 alignleft\" src=\"http:\/\/sana.sy\/es\/wp-content\/uploads\/2024\/08\/photo_2024-08-25_13-30-16.jpg\" alt=\"\" width=\"463\" height=\"291\" srcset=\"https:\/\/archive.sana.sy\/es\/wp-content\/uploads\/2024\/08\/photo_2024-08-25_13-30-16.jpg 1280w, https:\/\/archive.sana.sy\/es\/wp-content\/uploads\/2024\/08\/photo_2024-08-25_13-30-16-300x188.jpg 300w, https:\/\/archive.sana.sy\/es\/wp-content\/uploads\/2024\/08\/photo_2024-08-25_13-30-16-1024x642.jpg 1024w, https:\/\/archive.sana.sy\/es\/wp-content\/uploads\/2024\/08\/photo_2024-08-25_13-30-16-150x94.jpg 150w, https:\/\/archive.sana.sy\/es\/wp-content\/uploads\/2024\/08\/photo_2024-08-25_13-30-16-768x482.jpg 768w\" sizes=\"(max-width: 463px) 100vw, 463px\" \/>Consider\u00f3 que cada d\u00eda que pasa sin avances, el da\u00f1o se acumula no s\u00f3lo para Siria sino tambi\u00e9n para T\u00fcrkiye .<\/p>\n<p style=\"text-align: justify;\">Asegur\u00f3 que Siria no ocup\u00f3 el territorio de un pa\u00eds vecino para retirarse del mismo ni apoy\u00f3 el terrorismo para dejar de hacerlo, y aclar\u00f3 que la soluci\u00f3n est\u00e1 en identificar las brechas y los defectos y no en la insolencia.<\/p>\n<p style=\"text-align: justify;\">&#8220;\u00bfC\u00f3mo podemos solucionar un problema cuyas causas reales no vemos?, por lo tanto, recuperar la relaci\u00f3n requiere primero eliminar las razones que llevaron a su destrucci\u00f3n, y no renunciaremos a ninguno de nuestros derechos&#8221;, indic\u00f3 el mandatario.<\/p>\n<p style=\"text-align: justify;\">Asever\u00f3 que cualquier proceso de negociaci\u00f3n necesita un marco referencial en el que hay que apoyarse para tener \u00e9xito, y opin\u00f3 que una de las razones por las que no se alcanzaron resultados en reuniones anteriores es la ausencia de este marco referencial.<\/p>\n<p style=\"text-align: justify;\">Reiter\u00f3 la postura de Damasco basada en la necesidad de que T\u00fcrkiye se retire de los territorios que ocupa y deje de apoyar el terrorismo.<\/p>\n<div class=\"\" data-block=\"true\" data-editor=\"egu61\" data-offset-key=\"euoub-0-0\"><\/div>\n<div class=\"\" data-block=\"true\" data-editor=\"egu61\" data-offset-key=\"a339v-0-0\">\n<div class=\"public-DraftStyleDefault-block public-DraftStyleDefault-ltr\" style=\"text-align: justify;\" data-offset-key=\"a339v-0-0\">No son ciertas las declaraciones de algunos funcionarios turcos de que Siria dijo que si no se produce la retirada, no nos reuniremos con los turcos. Lo importante es que tengamos objetivos claros y sepamos avanzar hacia esos objetivos, agreg\u00f3.<\/div>\n<\/div>\n<p style=\"text-align: justify;\"><span style=\"color: #000080;\"><strong>Al-Assad: Los golaneses han demostrado que su pertenencia a Siria es arraigada<\/strong><\/span><\/p>\n<p style=\"text-align: justify;\">En cuanto a la situaci\u00f3n de los sirios en el Gol\u00e1n ocupado por \u201cIsrael\u201d, el Presidente dijo que ellos \u201cnos ha dado muchas lecciones y demostrado que la ausencia de la soberan\u00eda sobre su tierra no significa la desaparici\u00f3n del patriotismo, sino m\u00e1s bien su ascenso, y que la ocupaci\u00f3n de su territorio no significa renunciar el honor y la dignidad\u201d.<\/p>\n<p style=\"text-align: justify;\">Los golaneses han demostrado que su pertenencia es arraigada y que sus almas s\u00f3lo viven por Siria y para ella, afirm\u00f3.<\/p>\n<p style=\"text-align: justify;\"><span style=\"color: #000080;\"><strong>Al-Assad: La resistencia en Palestina, L\u00edbano, Iraq y Yemen es un modelo a seguir<\/strong><\/span><\/p>\n<p style=\"text-align: justify;\">Sobre la resistencia en Palestina, L\u00edbano, Iraq y Yemen, el presidente dijo que es un modelo y ejemplo a seguir, en el camino hacia la liberaci\u00f3n, la dignidad, el honor y la independencia completa.<\/p>\n<p style=\"text-align: justify;\">fm<\/p>\n<p style=\"text-align: justify;\">\n","protected":false},"excerpt":{"rendered":"<p>Damasco, 25 ago (SANA) El presidente sirio Bashar Al-Assad, pronunci\u00f3 hoy un discurso en la Asamblea del Pueblo (Parlamento), en el que abord\u00f3 una serie de cuestiones relativas a la situaci\u00f3n en Siria, la relaci\u00f3n con T\u00fcrkiye y otros temas regionales e internacionales. Al-Assad: El Parlamento tiene rol clave en aprobar pol\u00edticas y visiones, y &hellip;<\/p>\n","protected":false},"author":32,"featured_media":336658,"comment_status":"closed","ping_status":"closed","sticky":false,"template":"","format":"standard","meta":{"footnotes":""},"categories":[447,477,597,20724,476,16237,583,626],"tags":[],"class_list":["post-336631","post","type-post","status-publish","format-standard","has-post-thumbnail","","category-local-politica","category-noticias-edulcorantes","category-cinta-de-noticias","category-minuto-a-minuto","category-locales","category-presidence-de-la-republique-arabe-syria","category-slide","category-sr-presidente"],"_links":{"self":[{"href":"https:\/\/archive.sana.sy\/es\/index.php?rest_route=\/wp\/v2\/posts\/336631"}],"collection":[{"href":"https:\/\/archive.sana.sy\/es\/index.php?rest_route=\/wp\/v2\/posts"}],"about":[{"href":"https:\/\/archive.sana.sy\/es\/index.php?rest_route=\/wp\/v2\/types\/post"}],"author":[{"embeddable":true,"href":"https:\/\/archive.sana.sy\/es\/index.php?rest_route=\/wp\/v2\/users\/32"}],"replies":[{"embeddable":true,"href":"https:\/\/archive.sana.sy\/es\/index.php?rest_route=%2Fwp%2Fv2%2Fcomments&post=336631"}],"version-history":[{"count":19,"href":"https:\/\/archive.sana.sy\/es\/index.php?rest_route=\/wp\/v2\/posts\/336631\/revisions"}],"predecessor-version":[{"id":336678,"href":"https:\/\/archive.sana.sy\/es\/index.php?rest_route=\/wp\/v2\/posts\/336631\/revisions\/336678"}],"wp:featuredmedia":[{"embeddable":true,"href":"https:\/\/archive.sana.sy\/es\/index.php?rest_route=\/wp\/v2\/media\/336658"}],"wp:attachment":[{"href":"https:\/\/archive.sana.sy\/es\/index.php?rest_route=%2Fwp%2Fv2%2Fmedia&parent=336631"}],"wp:term":[{"taxonomy":"category","embeddable":true,"href":"https:\/\/archive.sana.sy\/es\/index.php?rest_route=%2Fwp%2Fv2%2Fcategories&post=336631"},{"taxonomy":"post_tag","embeddable":true,"href":"https:\/\/archive.sana.sy\/es\/index.php?rest_route=%2Fwp%2Fv2%2Ftags&post=336631"}],"curies":[{"name":"wp","href":"https:\/\/api.w.org\/{rel}","templated":true}]}}