{"id":336634,"date":"2024-08-25T14:02:59","date_gmt":"2024-08-25T11:02:59","guid":{"rendered":"https:\/\/sana.sy\/es\/?p=336634"},"modified":"2024-08-25T19:00:11","modified_gmt":"2024-08-25T16:00:11","slug":"la-operacion-militar-especial-se-ha-convertido-en-una-guerra-a-gran-escala-entre-la-otan-y-rusia","status":"publish","type":"post","link":"https:\/\/archive.sana.sy\/es\/?p=336634","title":{"rendered":"La operaci\u00f3n militar especial se ha convertido en una guerra a gran escala entre la OTAN y Rusia"},"content":{"rendered":"<p style=\"text-align: justify;\"><span style=\"color: #800000;\"><strong>Mosc\u00fa, 25 ago (SANA)<\/strong><\/span> El ex primer ministro ruso Sergei Stepashin, afirm\u00f3 que el ataque a la provincia rusa de Kursk indica que la operaci\u00f3n militar especial para proteger Donbas se ha convertido en una guerra a gran escala entre la OTAN y Rusia.<\/p>\n<p style=\"text-align: justify;\">\u201cCuando el Consejo de Seguridad ruso tom\u00f3 su decisi\u00f3n en 2022 de iniciar la operaci\u00f3n militar especial, nadie esperaba que luch\u00e1ramos contra toda la OTAN\u201d, dijo Stepashin durante su entrevista con TASS.<\/p>\n<p style=\"text-align: justify;\">La guerra se ha vuelto completamente diferente y lo que est\u00e1 sucediendo ya no es una operaci\u00f3n militar especial, se\u00f1al\u00f3.<\/p>\n<p style=\"text-align: justify;\">ed\/fm<\/p>\n","protected":false},"excerpt":{"rendered":"<p>Mosc\u00fa, 25 ago (SANA) El ex primer ministro ruso Sergei Stepashin, afirm\u00f3 que el ataque a la provincia rusa de Kursk indica que la operaci\u00f3n militar especial para proteger Donbas se ha convertido en una guerra a gran escala entre la OTAN y Rusia. \u201cCuando el Consejo de Seguridad ruso tom\u00f3 su decisi\u00f3n en 2022 &hellip;<\/p>\n","protected":false},"author":32,"featured_media":336635,"comment_status":"closed","ping_status":"closed","sticky":false,"template":"","format":"standard","meta":{"footnotes":""},"categories":[597,456,20724,7541],"tags":[],"class_list":["post-336634","post","type-post","status-publish","format-standard","has-post-thumbnail","","category-cinta-de-noticias","category-arabe-internacional-politica","category-minuto-a-minuto","category-ultimas-noticias"],"_links":{"self":[{"href":"https:\/\/archive.sana.sy\/es\/index.php?rest_route=\/wp\/v2\/posts\/336634"}],"collection":[{"href":"https:\/\/archive.sana.sy\/es\/index.php?rest_route=\/wp\/v2\/posts"}],"about":[{"href":"https:\/\/archive.sana.sy\/es\/index.php?rest_route=\/wp\/v2\/types\/post"}],"author":[{"embeddable":true,"href":"https:\/\/archive.sana.sy\/es\/index.php?rest_route=\/wp\/v2\/users\/32"}],"replies":[{"embeddable":true,"href":"https:\/\/archive.sana.sy\/es\/index.php?rest_route=%2Fwp%2Fv2%2Fcomments&post=336634"}],"version-history":[{"count":2,"href":"https:\/\/archive.sana.sy\/es\/index.php?rest_route=\/wp\/v2\/posts\/336634\/revisions"}],"predecessor-version":[{"id":336682,"href":"https:\/\/archive.sana.sy\/es\/index.php?rest_route=\/wp\/v2\/posts\/336634\/revisions\/336682"}],"wp:featuredmedia":[{"embeddable":true,"href":"https:\/\/archive.sana.sy\/es\/index.php?rest_route=\/wp\/v2\/media\/336635"}],"wp:attachment":[{"href":"https:\/\/archive.sana.sy\/es\/index.php?rest_route=%2Fwp%2Fv2%2Fmedia&parent=336634"}],"wp:term":[{"taxonomy":"category","embeddable":true,"href":"https:\/\/archive.sana.sy\/es\/index.php?rest_route=%2Fwp%2Fv2%2Fcategories&post=336634"},{"taxonomy":"post_tag","embeddable":true,"href":"https:\/\/archive.sana.sy\/es\/index.php?rest_route=%2Fwp%2Fv2%2Ftags&post=336634"}],"curies":[{"name":"wp","href":"https:\/\/api.w.org\/{rel}","templated":true}]}}