{"id":336637,"date":"2024-08-25T14:18:04","date_gmt":"2024-08-25T11:18:04","guid":{"rendered":"https:\/\/sana.sy\/es\/?p=336637"},"modified":"2024-08-25T14:18:04","modified_gmt":"2024-08-25T11:18:04","slug":"cifra-de-palestinos-muertos-por-los-ataques-israelies-en-gaza-asciende-a-40405","status":"publish","type":"post","link":"https:\/\/archive.sana.sy\/es\/?p=336637","title":{"rendered":"Cifra de palestinos muertos por los ataques israel\u00edes en Gaza asciende a 40,405"},"content":{"rendered":"<p style=\"text-align: justify;\"><span style=\"color: #800000;\"><strong>Jerusal\u00e9n ocupada, 25 ago (SANA)<\/strong> <\/span>El Ministerio de Salud palestino anunci\u00f3 hoy que el ocupante israel\u00ed cometi\u00f3 3 masacres en la Franja de Gaza durante las \u00faltimas 24 horas, con un saldo de 71 muertos y 112 heridos.<\/p>\n<p style=\"text-align: justify;\">En su informe diario, el ente de salud palestino indic\u00f3 que el n\u00famero total de v\u00edctimas durante 324 d\u00edas de agresi\u00f3n aument\u00f3 a 40 mil 405 muertos y 93 mil 468 heridos.<\/p>\n<p style=\"text-align: justify;\">Miles de v\u00edctimas todav\u00eda se encuentran bajo los escombros y en las carreteras, y las ambulancias y equipos de defensa civil no pueden llegar a ellos.<\/p>\n<p style=\"text-align: justify;\">Durante el d\u00eda de hoy, decenas de palestinos murieron o resultaron heridos en ataques israel\u00edes.<\/p>\n<p>fm\/ed<\/p>\n","protected":false},"excerpt":{"rendered":"<p>Jerusal\u00e9n ocupada, 25 ago (SANA) El Ministerio de Salud palestino anunci\u00f3 hoy que el ocupante israel\u00ed cometi\u00f3 3 masacres en la Franja de Gaza durante las \u00faltimas 24 horas, con un saldo de 71 muertos y 112 heridos. En su informe diario, el ente de salud palestino indic\u00f3 que el n\u00famero total de v\u00edctimas durante &hellip;<\/p>\n","protected":false},"author":32,"featured_media":336639,"comment_status":"closed","ping_status":"closed","sticky":false,"template":"","format":"standard","meta":{"footnotes":""},"categories":[597,456,20724,7541],"tags":[],"class_list":["post-336637","post","type-post","status-publish","format-standard","has-post-thumbnail","","category-cinta-de-noticias","category-arabe-internacional-politica","category-minuto-a-minuto","category-ultimas-noticias"],"_links":{"self":[{"href":"https:\/\/archive.sana.sy\/es\/index.php?rest_route=\/wp\/v2\/posts\/336637"}],"collection":[{"href":"https:\/\/archive.sana.sy\/es\/index.php?rest_route=\/wp\/v2\/posts"}],"about":[{"href":"https:\/\/archive.sana.sy\/es\/index.php?rest_route=\/wp\/v2\/types\/post"}],"author":[{"embeddable":true,"href":"https:\/\/archive.sana.sy\/es\/index.php?rest_route=\/wp\/v2\/users\/32"}],"replies":[{"embeddable":true,"href":"https:\/\/archive.sana.sy\/es\/index.php?rest_route=%2Fwp%2Fv2%2Fcomments&post=336637"}],"version-history":[{"count":1,"href":"https:\/\/archive.sana.sy\/es\/index.php?rest_route=\/wp\/v2\/posts\/336637\/revisions"}],"predecessor-version":[{"id":336641,"href":"https:\/\/archive.sana.sy\/es\/index.php?rest_route=\/wp\/v2\/posts\/336637\/revisions\/336641"}],"wp:featuredmedia":[{"embeddable":true,"href":"https:\/\/archive.sana.sy\/es\/index.php?rest_route=\/wp\/v2\/media\/336639"}],"wp:attachment":[{"href":"https:\/\/archive.sana.sy\/es\/index.php?rest_route=%2Fwp%2Fv2%2Fmedia&parent=336637"}],"wp:term":[{"taxonomy":"category","embeddable":true,"href":"https:\/\/archive.sana.sy\/es\/index.php?rest_route=%2Fwp%2Fv2%2Fcategories&post=336637"},{"taxonomy":"post_tag","embeddable":true,"href":"https:\/\/archive.sana.sy\/es\/index.php?rest_route=%2Fwp%2Fv2%2Ftags&post=336637"}],"curies":[{"name":"wp","href":"https:\/\/api.w.org\/{rel}","templated":true}]}}