{"id":33667,"date":"2015-11-17T19:26:12","date_gmt":"2015-11-17T17:26:12","guid":{"rendered":"http:\/\/sana.sy\/es\/?p=33667"},"modified":"2015-11-18T14:40:52","modified_gmt":"2015-11-18T12:40:52","slug":"fuerzas-armadas-logran-significativos-avances-en-sus-combates-con-las-organizaciones-terroristas","status":"publish","type":"post","link":"https:\/\/archive.sana.sy\/es\/?p=33667","title":{"rendered":"Fuerzas Armadas logran significativos avances en sus combates con las organizaciones terroristas"},"content":{"rendered":"<p style=\"text-align: justify\"><span style=\"color: #800000\">Provincias, SANA-<\/span>Unidades del Ej\u00e9rcito y las Fuerzas Armadas han continuado sus operativos antiterroristas liquidando a decenas de mercenario terroristas y destruyendo sus veh\u00edculos y equipos militares.<\/p>\n<p style=\"text-align: justify\"><span style=\"color: #0000ff\">Latakia<\/span><\/p>\n<p style=\"text-align: justify\">En el campo norte de la provincia costera de Latakia, las fuerzas armadas con la colaboraci\u00f3n de los grupos de defensa popular y con soporte de las fuerzas a\u00e9reas rusas, controlaron a los pueblos de Deir Hanna, al Dagmshlya, Beit Ayash, tras eliminar a los terroristas que se atrincheraban en esos tres poblados.<\/p>\n<p style=\"text-align: justify\"><span style=\"color: #0000ff\">Homs<\/span><\/p>\n<p style=\"text-align: justify\">En el campo sudeste de la provincia central de Homs, una fuente militar inform\u00f3 que escuadras militares recuperaron el control total del poblado de al-Hadath, ubicado a 82 km al sudeste de la ciudad de Homs.<\/p>\n<p style=\"text-align: justify\">La fuente agreg\u00f3 que tras la liberaci\u00f3n del poblado de los terroristas del EI, las unidades del ej\u00e9rcito empezaron a peinar el poblado para desactivar las bombas que los terroristas sembraron en las casas y las tierras de los civiles.<\/p>\n<p style=\"text-align: justify\">Seg\u00fan la fuente, las Fuerzas Armadas contin\u00faan sus avances hac\u00eda los poblados de Hawareen, Maheen y Qurayateen.<\/p>\n<p style=\"text-align: justify\"><span style=\"color: #0000ff\">Mueren 14 terroristas en la explosi\u00f3n de artefactos explosivos que fabricaban<\/span><\/p>\n<p style=\"text-align: justify\">Mientras tanto, fuentes civiles confirmaron la muerte de un n\u00famero de integrantes de las organizaciones terroristas, en su mayor\u00eda del llamado \u201cMovimiento Isl\u00e1mico de Muthanna\u201d, las \u201cBrigadas de M\u00e1rtires de Yarmouk\u201d y del \u201cFrente al-Nusra\u201d, en el campo de Deraa.<\/p>\n<p style=\"text-align: justify\">Las fuentes hablaron de la muerte de m\u00e1s de 14 terroristas del \u201cMovimiento Isl\u00e1mico de Muthanna\u201d en la ciudad de Tafas en el campo oeste de Deraa.<\/p>\n<p style=\"text-align: justify\">Los terroristas murieron en la explosi\u00f3n de artefactos explosivos improvisados que estaban fabricando dentro de uno de sus escondites.\u201d<\/p>\n<p style=\"text-align: justify\">Por otro lado, se reanudaron los combates entre las organizaciones terroristas del Frente al-Nousra y las \u201cBrigadas de M\u00e1rtires de Yarmuk, en la zona de Allan, lo que caus\u00f3 la ca\u00edda de decenas de terroristas entre muertos y heridos.<\/p>\n<p style=\"text-align: justify\"><span style=\"color: #0000ff\">Sweida<\/span><\/p>\n<p style=\"text-align: justify\">De acuerdo con una fuente militar, unidades del ej\u00e9rcito lanzaron una operaci\u00f3n anti-terrorista contra escondites del (frente al-Nusra) en la aldea de Gerbet Samar situada en el campo sudoeste de la provincia, destruyendo un almac\u00e9n de armas y municiones, adem\u00e1s de la eliminaci\u00f3n de un numero de terroristas.<\/p>\n<p style=\"text-align: justify\">Fady M., Hala B., M.Miri<\/p>\n<p>&nbsp;<\/p>\n<div><\/div>\n<div><\/div>\n<div class=\"yj6qo ajU\">\n<div id=\":y4\" class=\"ajR\"><img decoding=\"async\" class=\"ajT\" src=\"https:\/\/ssl.gstatic.com\/ui\/v1\/icons\/mail\/images\/cleardot.gif\" alt=\"\" \/><\/div>\n<\/div>\n<p>&nbsp;<\/p>\n<p>&nbsp;<\/p>\n","protected":false},"excerpt":{"rendered":"<p>Provincias, SANA-Unidades del Ej\u00e9rcito y las Fuerzas Armadas han continuado sus operativos antiterroristas liquidando a decenas de mercenario terroristas y destruyendo sus veh\u00edculos y equipos militares. Latakia En el campo norte de la provincia costera de Latakia, las fuerzas armadas con la colaboraci\u00f3n de los grupos de defensa popular y con soporte de las fuerzas &hellip;<\/p>\n","protected":false},"author":1,"featured_media":33668,"comment_status":"closed","ping_status":"closed","sticky":false,"template":"","format":"standard","meta":{"footnotes":""},"categories":[573],"tags":[7402],"class_list":["post-33667","post","type-post","status-publish","format-standard","has-post-thumbnail","","category-la-realidad-de-los-acontecimientos-en-siria","tag-fuerzas-armadas-logran-significativos-avances-en-sus-combates-con-las-organizaciones-terroristas"],"_links":{"self":[{"href":"https:\/\/archive.sana.sy\/es\/index.php?rest_route=\/wp\/v2\/posts\/33667"}],"collection":[{"href":"https:\/\/archive.sana.sy\/es\/index.php?rest_route=\/wp\/v2\/posts"}],"about":[{"href":"https:\/\/archive.sana.sy\/es\/index.php?rest_route=\/wp\/v2\/types\/post"}],"author":[{"embeddable":true,"href":"https:\/\/archive.sana.sy\/es\/index.php?rest_route=\/wp\/v2\/users\/1"}],"replies":[{"embeddable":true,"href":"https:\/\/archive.sana.sy\/es\/index.php?rest_route=%2Fwp%2Fv2%2Fcomments&post=33667"}],"version-history":[{"count":0,"href":"https:\/\/archive.sana.sy\/es\/index.php?rest_route=\/wp\/v2\/posts\/33667\/revisions"}],"wp:featuredmedia":[{"embeddable":true,"href":"https:\/\/archive.sana.sy\/es\/index.php?rest_route=\/wp\/v2\/media\/33668"}],"wp:attachment":[{"href":"https:\/\/archive.sana.sy\/es\/index.php?rest_route=%2Fwp%2Fv2%2Fmedia&parent=33667"}],"wp:term":[{"taxonomy":"category","embeddable":true,"href":"https:\/\/archive.sana.sy\/es\/index.php?rest_route=%2Fwp%2Fv2%2Fcategories&post=33667"},{"taxonomy":"post_tag","embeddable":true,"href":"https:\/\/archive.sana.sy\/es\/index.php?rest_route=%2Fwp%2Fv2%2Ftags&post=33667"}],"curies":[{"name":"wp","href":"https:\/\/api.w.org\/{rel}","templated":true}]}}