{"id":336694,"date":"2024-08-26T14:31:28","date_gmt":"2024-08-26T11:31:28","guid":{"rendered":"https:\/\/sana.sy\/es\/?p=336694"},"modified":"2024-08-26T14:31:28","modified_gmt":"2024-08-26T11:31:28","slug":"rusia-destruye-instalaciones-sensibles-del-complejo-militar-industrial-en-15-provincias-ucranianas","status":"publish","type":"post","link":"https:\/\/archive.sana.sy\/es\/?p=336694","title":{"rendered":"Rusia destruye instalaciones sensibles del complejo militar-industrial en 15 provincias ucranianas"},"content":{"rendered":"<p style=\"text-align: justify;\"><span style=\"color: #800000;\"><strong>Mosc\u00fa, 26 ago (SANA) \u00a0\u00a0<\/strong><\/span>Las Fuerzas Armadas de Rusia lanzaron una serie de ataques masivos contra instalaciones de la industria de defensa ucraniana.<\/p>\n<p style=\"text-align: justify;\">De acuerdo con el Ministerio de Defensa ruso, el ataque se llev\u00f3 a cabo con cohetes a\u00e9reos y mar\u00edtimos de alta precisi\u00f3n y de largo alcance, as\u00ed como con veh\u00edculos a\u00e9reos no tripulados.<\/p>\n<p style=\"text-align: justify;\">Todos los objetivos designados fueron alcanzados, indic\u00f3 el ente castrense.<\/p>\n<p style=\"text-align: justify;\">El primer ministro ucraniano, Den\u00eds Shmygal, hab\u00eda reconocido que 15 provincias se vieron afectadas, en particular, Kiev, Sumy, Tern\u00f3pol, Odesa, Nikol\u00e1ev y J\u00e1rkov.<\/p>\n<p style=\"text-align: justify;\">La compa\u00f1\u00eda proveedora de electricidad \u201cUkrenergo\u201d se vio obligada a recurrir a cortes de energ\u00eda de emergencia para estabilizar el sistema, afirm\u00f3 Shmygal.<\/p>\n<p style=\"text-align: justify;\">fm<\/p>\n","protected":false},"excerpt":{"rendered":"<p>Mosc\u00fa, 26 ago (SANA) \u00a0\u00a0Las Fuerzas Armadas de Rusia lanzaron una serie de ataques masivos contra instalaciones de la industria de defensa ucraniana. De acuerdo con el Ministerio de Defensa ruso, el ataque se llev\u00f3 a cabo con cohetes a\u00e9reos y mar\u00edtimos de alta precisi\u00f3n y de largo alcance, as\u00ed como con veh\u00edculos a\u00e9reos no &hellip;<\/p>\n","protected":false},"author":34,"featured_media":336695,"comment_status":"closed","ping_status":"closed","sticky":false,"template":"","format":"standard","meta":{"footnotes":""},"categories":[597,456,20724,7541],"tags":[],"class_list":["post-336694","post","type-post","status-publish","format-standard","has-post-thumbnail","","category-cinta-de-noticias","category-arabe-internacional-politica","category-minuto-a-minuto","category-ultimas-noticias"],"_links":{"self":[{"href":"https:\/\/archive.sana.sy\/es\/index.php?rest_route=\/wp\/v2\/posts\/336694"}],"collection":[{"href":"https:\/\/archive.sana.sy\/es\/index.php?rest_route=\/wp\/v2\/posts"}],"about":[{"href":"https:\/\/archive.sana.sy\/es\/index.php?rest_route=\/wp\/v2\/types\/post"}],"author":[{"embeddable":true,"href":"https:\/\/archive.sana.sy\/es\/index.php?rest_route=\/wp\/v2\/users\/34"}],"replies":[{"embeddable":true,"href":"https:\/\/archive.sana.sy\/es\/index.php?rest_route=%2Fwp%2Fv2%2Fcomments&post=336694"}],"version-history":[{"count":1,"href":"https:\/\/archive.sana.sy\/es\/index.php?rest_route=\/wp\/v2\/posts\/336694\/revisions"}],"predecessor-version":[{"id":336696,"href":"https:\/\/archive.sana.sy\/es\/index.php?rest_route=\/wp\/v2\/posts\/336694\/revisions\/336696"}],"wp:featuredmedia":[{"embeddable":true,"href":"https:\/\/archive.sana.sy\/es\/index.php?rest_route=\/wp\/v2\/media\/336695"}],"wp:attachment":[{"href":"https:\/\/archive.sana.sy\/es\/index.php?rest_route=%2Fwp%2Fv2%2Fmedia&parent=336694"}],"wp:term":[{"taxonomy":"category","embeddable":true,"href":"https:\/\/archive.sana.sy\/es\/index.php?rest_route=%2Fwp%2Fv2%2Fcategories&post=336694"},{"taxonomy":"post_tag","embeddable":true,"href":"https:\/\/archive.sana.sy\/es\/index.php?rest_route=%2Fwp%2Fv2%2Ftags&post=336694"}],"curies":[{"name":"wp","href":"https:\/\/api.w.org\/{rel}","templated":true}]}}