{"id":336697,"date":"2024-08-26T14:56:25","date_gmt":"2024-08-26T11:56:25","guid":{"rendered":"https:\/\/sana.sy\/es\/?p=336697"},"modified":"2024-08-26T14:57:34","modified_gmt":"2024-08-26T11:57:34","slug":"alrededor-de-un-centenar-de-palestinos-entre-muertos-y-heridos-en-nueva-jornada-de-agresiones-israelies-en-gaza","status":"publish","type":"post","link":"https:\/\/archive.sana.sy\/es\/?p=336697","title":{"rendered":"Alrededor de un centenar de palestinos entre muertos y heridos en nueva jornada de agresiones israel\u00edes en Gaza"},"content":{"rendered":"<p style=\"text-align: justify;\"><span style=\"color: #800000;\"><strong>Jerusal\u00e9n ocupada, 26 ago (SANA)\u00a0<\/strong><\/span> \u00a0El Ministerio de Salud palestino inform\u00f3 hoy que durante las \u00faltimas 24 horas, el ocupante israel\u00ed cometi\u00f3 dos masacres en la Franja de Gaza, con un saldo de 30 muertos y 66 heridos.<\/p>\n<p style=\"text-align: justify;\">La cifra total de v\u00edctimas durante 325 d\u00edas de agresi\u00f3n a Gaza aument\u00f3 a 40 mil 435 muertos y 93 mil 534 heridos, indic\u00f3 el ente de salud.<\/p>\n<p style=\"text-align: justify;\">El Ministerio aclar\u00f3 que esta cifra incluye s\u00f3lo las v\u00edctimas registradas en los hospitales que quedan en Gaza.<\/p>\n<p style=\"text-align: justify;\">Puntualiz\u00f3 que miles de v\u00edctimas todav\u00eda se encuentran bajo los escombros y en las carreteras, y las ambulancias y los equipos de defensa civil no pueden llegar a los mismos debido al fuego de los militares sionistas.<\/p>\n<p style=\"text-align: justify;\">Desde la madrugada de hoy hasta la hora de redactar esta noticia, decenas de palestinos resultaron muertos o heridos por los bombardeos israel\u00edes en el centro y sur de la Franja de Gaza.<\/p>\n<p style=\"text-align: justify;\"><span style=\"color: #800000;\"><strong>fm\/\/ws<\/strong><\/span><\/p>\n","protected":false},"excerpt":{"rendered":"<p>Jerusal\u00e9n ocupada, 26 ago (SANA)\u00a0 \u00a0El Ministerio de Salud palestino inform\u00f3 hoy que durante las \u00faltimas 24 horas, el ocupante israel\u00ed cometi\u00f3 dos masacres en la Franja de Gaza, con un saldo de 30 muertos y 66 heridos. La cifra total de v\u00edctimas durante 325 d\u00edas de agresi\u00f3n a Gaza aument\u00f3 a 40 mil 435 &hellip;<\/p>\n","protected":false},"author":35,"featured_media":336698,"comment_status":"closed","ping_status":"closed","sticky":false,"template":"","format":"standard","meta":{"footnotes":""},"categories":[597,456,16687,20724,583],"tags":[],"class_list":["post-336697","post","type-post","status-publish","format-standard","has-post-thumbnail","","category-cinta-de-noticias","category-arabe-internacional-politica","category-internacionales","category-minuto-a-minuto","category-slide"],"_links":{"self":[{"href":"https:\/\/archive.sana.sy\/es\/index.php?rest_route=\/wp\/v2\/posts\/336697"}],"collection":[{"href":"https:\/\/archive.sana.sy\/es\/index.php?rest_route=\/wp\/v2\/posts"}],"about":[{"href":"https:\/\/archive.sana.sy\/es\/index.php?rest_route=\/wp\/v2\/types\/post"}],"author":[{"embeddable":true,"href":"https:\/\/archive.sana.sy\/es\/index.php?rest_route=\/wp\/v2\/users\/35"}],"replies":[{"embeddable":true,"href":"https:\/\/archive.sana.sy\/es\/index.php?rest_route=%2Fwp%2Fv2%2Fcomments&post=336697"}],"version-history":[{"count":2,"href":"https:\/\/archive.sana.sy\/es\/index.php?rest_route=\/wp\/v2\/posts\/336697\/revisions"}],"predecessor-version":[{"id":336700,"href":"https:\/\/archive.sana.sy\/es\/index.php?rest_route=\/wp\/v2\/posts\/336697\/revisions\/336700"}],"wp:featuredmedia":[{"embeddable":true,"href":"https:\/\/archive.sana.sy\/es\/index.php?rest_route=\/wp\/v2\/media\/336698"}],"wp:attachment":[{"href":"https:\/\/archive.sana.sy\/es\/index.php?rest_route=%2Fwp%2Fv2%2Fmedia&parent=336697"}],"wp:term":[{"taxonomy":"category","embeddable":true,"href":"https:\/\/archive.sana.sy\/es\/index.php?rest_route=%2Fwp%2Fv2%2Fcategories&post=336697"},{"taxonomy":"post_tag","embeddable":true,"href":"https:\/\/archive.sana.sy\/es\/index.php?rest_route=%2Fwp%2Fv2%2Ftags&post=336697"}],"curies":[{"name":"wp","href":"https:\/\/api.w.org\/{rel}","templated":true}]}}