{"id":336710,"date":"2024-08-26T15:31:49","date_gmt":"2024-08-26T12:31:49","guid":{"rendered":"https:\/\/sana.sy\/es\/?p=336710"},"modified":"2024-08-26T15:31:49","modified_gmt":"2024-08-26T12:31:49","slug":"canciller-al-mekdad-pide-a-embajadas-sirias-en-el-exterior-que-se-involucren-mas-en-la-diplomacia-economica","status":"publish","type":"post","link":"https:\/\/archive.sana.sy\/es\/?p=336710","title":{"rendered":"Canciller Al-Mekdad pide a embajadas sirias en el exterior que se involucren m\u00e1s en la diplomacia econ\u00f3mica"},"content":{"rendered":"<p style=\"text-align: justify;\"><span style=\"color: #800000;\"><strong>Damasco, 26 ago (SANA)<\/strong> <\/span>El ministro de Asuntos Exteriores y Expatriados en el gobierno provisional sirio, Faisal Al-Mekdad, subray\u00f3 la necesidad de que las embajadas y misiones diplom\u00e1ticas sirias en el exterior participen m\u00e1s en la diplomacia econ\u00f3mica.<\/p>\n<p><img loading=\"lazy\" decoding=\"async\" class=\"size-medium wp-image-336712 alignright\" src=\"http:\/\/sana.sy\/es\/wp-content\/uploads\/2024\/08\/Canciller-Al-Mekdad-pide-a-embajadas-sirias-en-el-exterior-que-se-involucren-mas-en-la-diplomacia-economica000-300x171.jpeg\" alt=\"\" width=\"300\" height=\"171\" srcset=\"https:\/\/archive.sana.sy\/es\/wp-content\/uploads\/2024\/08\/Canciller-Al-Mekdad-pide-a-embajadas-sirias-en-el-exterior-que-se-involucren-mas-en-la-diplomacia-economica000-300x171.jpeg 300w, https:\/\/archive.sana.sy\/es\/wp-content\/uploads\/2024\/08\/Canciller-Al-Mekdad-pide-a-embajadas-sirias-en-el-exterior-que-se-involucren-mas-en-la-diplomacia-economica000-1024x585.jpeg 1024w, https:\/\/archive.sana.sy\/es\/wp-content\/uploads\/2024\/08\/Canciller-Al-Mekdad-pide-a-embajadas-sirias-en-el-exterior-que-se-involucren-mas-en-la-diplomacia-economica000-150x86.jpeg 150w, https:\/\/archive.sana.sy\/es\/wp-content\/uploads\/2024\/08\/Canciller-Al-Mekdad-pide-a-embajadas-sirias-en-el-exterior-que-se-involucren-mas-en-la-diplomacia-economica000-768x439.jpeg 768w, https:\/\/archive.sana.sy\/es\/wp-content\/uploads\/2024\/08\/Canciller-Al-Mekdad-pide-a-embajadas-sirias-en-el-exterior-que-se-involucren-mas-en-la-diplomacia-economica000.jpeg 1280w\" sizes=\"(max-width: 300px) 100vw, 300px\" \/><\/p>\n<p style=\"text-align: justify;\">La diplomacia econ\u00f3mica se ha convertido en un pilar esencial del trabajo del Ministerio, y es necesario establecer una comunicaci\u00f3n efectiva con las diversas agencias e instituciones estatales involucradas en este campo, dijo el Canciller en su intervenci\u00f3n durante la reuni\u00f3n ordinaria de embajadores y jefes de misiones diplom\u00e1ticas sirias en todo el mundo, celebrada en la sede del Ministerio de Asuntos Exteriores y Expatriados en esta capital.<\/p>\n<p style=\"text-align: justify;\">Asimismo resumi\u00f3 el trabajo del Ministerio y sus misiones diplom\u00e1ticas en el extranjero y las dificultades y desaf\u00edos que enfrenta esta labor.<\/p>\n<p style=\"text-align: justify;\">Hemos tenidos \u00e9xitos pol\u00edticos y diplom\u00e1ticos a pesar de los m\u00faltiples desaf\u00edos y dificultades que enfrent\u00f3 Siria, dijo el Ministro, y afirm\u00f3 el importante papel de los hermanos, amigos y aliados que apoyaron a Siria.<\/p>\n<p style=\"text-align: justify;\">El jefe de la diplomacia siria habl\u00f3 tambi\u00e9n de los desaf\u00edos que enfrenta la regi\u00f3n \u00e1rabe, en particular el sufrimiento del pueblo palestino que enfrenta el genocidio israel\u00ed que se comete con pleno apoyo de Estados Unidos.<\/p>\n<p style=\"text-align: justify;\">Tambi\u00e9n, salud\u00f3 la firmeza del pueblo en el sur del L\u00edbano y su valiente respuesta a los repetidos ataques israel\u00edes, y elogi\u00f3 la lucha y sacrificios de la poblaci\u00f3n siria en el Gol\u00e1n sirio ocupado.<\/p>\n<p style=\"text-align: justify;\">Siria seguir\u00e1 trabajando con toda determinaci\u00f3n para poner fin a la presencia militar ilegal estadounidense en el noreste de Siria y la turca en el noroeste.<\/p>\n<p style=\"text-align: justify;\">Reiter\u00f3 que Damasco seguir\u00e1 tomando sus decisiones nacionales y adoptando posiciones de principios con plena independencia, a pesar de los desaf\u00edos y dificultades impuestos por las potencias coloniales para disuadirla de esta firme posici\u00f3n.<\/p>\n<p style=\"text-align: justify;\">fm\/sm<\/p>\n","protected":false},"excerpt":{"rendered":"<p>Damasco, 26 ago (SANA) El ministro de Asuntos Exteriores y Expatriados en el gobierno provisional sirio, Faisal Al-Mekdad, subray\u00f3 la necesidad de que las embajadas y misiones diplom\u00e1ticas sirias en el exterior participen m\u00e1s en la diplomacia econ\u00f3mica. La diplomacia econ\u00f3mica se ha convertido en un pilar esencial del trabajo del Ministerio, y es necesario &hellip;<\/p>\n","protected":false},"author":39,"featured_media":336711,"comment_status":"closed","ping_status":"closed","sticky":false,"template":"","format":"standard","meta":{"footnotes":""},"categories":[477,597,476,583],"tags":[],"class_list":["post-336710","post","type-post","status-publish","format-standard","has-post-thumbnail","","category-noticias-edulcorantes","category-cinta-de-noticias","category-locales","category-slide"],"_links":{"self":[{"href":"https:\/\/archive.sana.sy\/es\/index.php?rest_route=\/wp\/v2\/posts\/336710"}],"collection":[{"href":"https:\/\/archive.sana.sy\/es\/index.php?rest_route=\/wp\/v2\/posts"}],"about":[{"href":"https:\/\/archive.sana.sy\/es\/index.php?rest_route=\/wp\/v2\/types\/post"}],"author":[{"embeddable":true,"href":"https:\/\/archive.sana.sy\/es\/index.php?rest_route=\/wp\/v2\/users\/39"}],"replies":[{"embeddable":true,"href":"https:\/\/archive.sana.sy\/es\/index.php?rest_route=%2Fwp%2Fv2%2Fcomments&post=336710"}],"version-history":[{"count":1,"href":"https:\/\/archive.sana.sy\/es\/index.php?rest_route=\/wp\/v2\/posts\/336710\/revisions"}],"predecessor-version":[{"id":336713,"href":"https:\/\/archive.sana.sy\/es\/index.php?rest_route=\/wp\/v2\/posts\/336710\/revisions\/336713"}],"wp:featuredmedia":[{"embeddable":true,"href":"https:\/\/archive.sana.sy\/es\/index.php?rest_route=\/wp\/v2\/media\/336711"}],"wp:attachment":[{"href":"https:\/\/archive.sana.sy\/es\/index.php?rest_route=%2Fwp%2Fv2%2Fmedia&parent=336710"}],"wp:term":[{"taxonomy":"category","embeddable":true,"href":"https:\/\/archive.sana.sy\/es\/index.php?rest_route=%2Fwp%2Fv2%2Fcategories&post=336710"},{"taxonomy":"post_tag","embeddable":true,"href":"https:\/\/archive.sana.sy\/es\/index.php?rest_route=%2Fwp%2Fv2%2Ftags&post=336710"}],"curies":[{"name":"wp","href":"https:\/\/api.w.org\/{rel}","templated":true}]}}