{"id":336717,"date":"2024-08-26T17:03:50","date_gmt":"2024-08-26T14:03:50","guid":{"rendered":"https:\/\/sana.sy\/es\/?p=336717"},"modified":"2024-08-26T17:03:50","modified_gmt":"2024-08-26T14:03:50","slug":"perdidas-ucranianas-en-kursk-ascienden-a-6-200-soldados-y-73-tanques","status":"publish","type":"post","link":"https:\/\/archive.sana.sy\/es\/?p=336717","title":{"rendered":"P\u00e9rdidas ucranianas en Kursk ascienden a 6.200 soldados y 73 tanques"},"content":{"rendered":"<p style=\"text-align: justify;\"><span style=\"color: #800000;\"><strong>Mosc\u00fa, 26 ago (SANA)<\/strong><\/span> El Ministerio de Defensa ruso anunci\u00f3 hoy que sus fuerzas siguen persiguiendo a los grupos ucranianos que penetraron en la provincia de Kursk, y asegur\u00f3 que durante las \u00faltimas 24 horas, las tropas del r\u00e9gimen de Kiev sufrieron m\u00e1s de 400 soldados.<\/p>\n<p style=\"text-align: justify;\">\u201cLas Fuerzas Armadas rusas destruyeron 27 blindados, entre ellos un tanque, dos veh\u00edculos de combate de infanter\u00eda, 3 transportadores de tropas y 21 veh\u00edculos de combate, adem\u00e1s de 5 ca\u00f1ones y un radar antibater\u00eda de fabricaci\u00f3n estadounidense\u201d, declar\u00f3 el ente castrense en un comunicado.<\/p>\n<p style=\"text-align: justify;\">A\u00f1adi\u00f3 que la aviaci\u00f3n rusa llev\u00f3 a cabo ataques en la regi\u00f3n de Sumy contra brigadas militares y \u00e1reas donde se concentra el personal y el equipo militar de las fuerzas ucranianas.<\/p>\n<p style=\"text-align: justify;\">La referida entidad indic\u00f3 que las p\u00e9rdidas totales de Kiev durante los combates en Kursk ascendieron a m\u00e1s de 6.200 soldados, 73 tanques, 33 veh\u00edculos de combate de infanter\u00eda y 61 veh\u00edculos blindados, 404 veh\u00edculos blindados de combate, 42 ca\u00f1ones, 5 misiles antia\u00e9reos, 11 lanzadores de m\u00faltiples sistemas de misiles, incluidas tres plataformas \u201cHIMARS\u201d y \u201cMLRS\u201d y 9 estaciones de guerra electr\u00f3nica.<\/p>\n<p style=\"text-align: justify;\">ahs\/fm<\/p>\n","protected":false},"excerpt":{"rendered":"<p>Mosc\u00fa, 26 ago (SANA) El Ministerio de Defensa ruso anunci\u00f3 hoy que sus fuerzas siguen persiguiendo a los grupos ucranianos que penetraron en la provincia de Kursk, y asegur\u00f3 que durante las \u00faltimas 24 horas, las tropas del r\u00e9gimen de Kiev sufrieron m\u00e1s de 400 soldados. \u201cLas Fuerzas Armadas rusas destruyeron 27 blindados, entre ellos &hellip;<\/p>\n","protected":false},"author":43,"featured_media":336718,"comment_status":"closed","ping_status":"closed","sticky":false,"template":"","format":"standard","meta":{"footnotes":""},"categories":[597,456,16687,20724,7541],"tags":[],"class_list":["post-336717","post","type-post","status-publish","format-standard","has-post-thumbnail","","category-cinta-de-noticias","category-arabe-internacional-politica","category-internacionales","category-minuto-a-minuto","category-ultimas-noticias"],"_links":{"self":[{"href":"https:\/\/archive.sana.sy\/es\/index.php?rest_route=\/wp\/v2\/posts\/336717"}],"collection":[{"href":"https:\/\/archive.sana.sy\/es\/index.php?rest_route=\/wp\/v2\/posts"}],"about":[{"href":"https:\/\/archive.sana.sy\/es\/index.php?rest_route=\/wp\/v2\/types\/post"}],"author":[{"embeddable":true,"href":"https:\/\/archive.sana.sy\/es\/index.php?rest_route=\/wp\/v2\/users\/43"}],"replies":[{"embeddable":true,"href":"https:\/\/archive.sana.sy\/es\/index.php?rest_route=%2Fwp%2Fv2%2Fcomments&post=336717"}],"version-history":[{"count":1,"href":"https:\/\/archive.sana.sy\/es\/index.php?rest_route=\/wp\/v2\/posts\/336717\/revisions"}],"predecessor-version":[{"id":336719,"href":"https:\/\/archive.sana.sy\/es\/index.php?rest_route=\/wp\/v2\/posts\/336717\/revisions\/336719"}],"wp:featuredmedia":[{"embeddable":true,"href":"https:\/\/archive.sana.sy\/es\/index.php?rest_route=\/wp\/v2\/media\/336718"}],"wp:attachment":[{"href":"https:\/\/archive.sana.sy\/es\/index.php?rest_route=%2Fwp%2Fv2%2Fmedia&parent=336717"}],"wp:term":[{"taxonomy":"category","embeddable":true,"href":"https:\/\/archive.sana.sy\/es\/index.php?rest_route=%2Fwp%2Fv2%2Fcategories&post=336717"},{"taxonomy":"post_tag","embeddable":true,"href":"https:\/\/archive.sana.sy\/es\/index.php?rest_route=%2Fwp%2Fv2%2Ftags&post=336717"}],"curies":[{"name":"wp","href":"https:\/\/api.w.org\/{rel}","templated":true}]}}