{"id":336732,"date":"2024-08-26T19:56:03","date_gmt":"2024-08-26T16:56:03","guid":{"rendered":"https:\/\/sana.sy\/es\/?p=336732"},"modified":"2024-08-26T19:56:03","modified_gmt":"2024-08-26T16:56:03","slug":"siria-e-irak-analizan-formas-para-desarrollar-la-cooperacion-agricola","status":"publish","type":"post","link":"https:\/\/archive.sana.sy\/es\/?p=336732","title":{"rendered":"Siria e Irak analizan formas para desarrollar la cooperaci\u00f3n agr\u00edcola"},"content":{"rendered":"<p style=\"text-align: justify;\"><span style=\"color: #800000;\"><strong>Damasco, 26 ago (SANA)<\/strong><\/span> El ministro de Agricultura en el gobierno interino sirio, Muhammad Hassan Qatna, analiz\u00f3 con una delegaci\u00f3n del Ministerio de Agricultura iraqu\u00ed, encabezada por el director del Departamento de Horticultura, Hadi Hussein, el desarrollo de las relaciones agr\u00edcolas entre las dos naciones, y la promoci\u00f3n del intercambio comercial de productos para lograr la integraci\u00f3n entre ambos pa\u00edses.<\/p>\n<p style=\"text-align: justify;\">El titular del ramo dijo que Siria constituye una fuente importante de muchos productos agr\u00edcolas exportados a Irak, especialmente verduras y frutas.<\/p>\n<p style=\"text-align: justify;\">Asimismo, se\u00f1al\u00f3 la importancia de poner en pr\u00e1ctica el acuerdo cuatripartito entre Siria, Irak, Jordania y L\u00edbano como n\u00facleo de un acuerdo econ\u00f3mico \u00e1rabe que mejorar\u00eda el intercambio comercial y t\u00e9cnico, unificar\u00eda los sistemas de cuarentena agr\u00edcola y veterinaria, establecer\u00eda certificados de origen unificados entre los cuatro pa\u00edses, facilitar\u00eda la llegada de productos, y regular\u00eda y reducir\u00eda las tarifas.<\/p>\n<p style=\"text-align: justify;\">Por su parte, el jefe de la delegaci\u00f3n iraqu\u00ed indic\u00f3 que todas las propuestas ser\u00e1n trasladadas al Ministro de Agricultura de Irak, y destac\u00f3 las relaciones hist\u00f3ricas entre Siria e Irak y la necesidad de desarrollarlas y revitalizar el acuerdo cuatripartito de manera que favorezca los intereses de los dos pa\u00edses.<\/p>\n<p style=\"text-align: justify;\">ahs\/fm<\/p>\n","protected":false},"excerpt":{"rendered":"<p>Damasco, 26 ago (SANA) El ministro de Agricultura en el gobierno interino sirio, Muhammad Hassan Qatna, analiz\u00f3 con una delegaci\u00f3n del Ministerio de Agricultura iraqu\u00ed, encabezada por el director del Departamento de Horticultura, Hadi Hussein, el desarrollo de las relaciones agr\u00edcolas entre las dos naciones, y la promoci\u00f3n del intercambio comercial de productos para lograr &hellip;<\/p>\n","protected":false},"author":43,"featured_media":336733,"comment_status":"closed","ping_status":"closed","sticky":false,"template":"","format":"standard","meta":{"footnotes":""},"categories":[597,476,467,7541],"tags":[],"class_list":["post-336732","post","type-post","status-publish","format-standard","has-post-thumbnail","","category-cinta-de-noticias","category-locales","category-siria-y-el-mundo","category-ultimas-noticias"],"_links":{"self":[{"href":"https:\/\/archive.sana.sy\/es\/index.php?rest_route=\/wp\/v2\/posts\/336732"}],"collection":[{"href":"https:\/\/archive.sana.sy\/es\/index.php?rest_route=\/wp\/v2\/posts"}],"about":[{"href":"https:\/\/archive.sana.sy\/es\/index.php?rest_route=\/wp\/v2\/types\/post"}],"author":[{"embeddable":true,"href":"https:\/\/archive.sana.sy\/es\/index.php?rest_route=\/wp\/v2\/users\/43"}],"replies":[{"embeddable":true,"href":"https:\/\/archive.sana.sy\/es\/index.php?rest_route=%2Fwp%2Fv2%2Fcomments&post=336732"}],"version-history":[{"count":1,"href":"https:\/\/archive.sana.sy\/es\/index.php?rest_route=\/wp\/v2\/posts\/336732\/revisions"}],"predecessor-version":[{"id":336734,"href":"https:\/\/archive.sana.sy\/es\/index.php?rest_route=\/wp\/v2\/posts\/336732\/revisions\/336734"}],"wp:featuredmedia":[{"embeddable":true,"href":"https:\/\/archive.sana.sy\/es\/index.php?rest_route=\/wp\/v2\/media\/336733"}],"wp:attachment":[{"href":"https:\/\/archive.sana.sy\/es\/index.php?rest_route=%2Fwp%2Fv2%2Fmedia&parent=336732"}],"wp:term":[{"taxonomy":"category","embeddable":true,"href":"https:\/\/archive.sana.sy\/es\/index.php?rest_route=%2Fwp%2Fv2%2Fcategories&post=336732"},{"taxonomy":"post_tag","embeddable":true,"href":"https:\/\/archive.sana.sy\/es\/index.php?rest_route=%2Fwp%2Fv2%2Ftags&post=336732"}],"curies":[{"name":"wp","href":"https:\/\/api.w.org\/{rel}","templated":true}]}}