{"id":336738,"date":"2024-08-27T05:33:36","date_gmt":"2024-08-27T02:33:36","guid":{"rendered":"https:\/\/sana.sy\/es\/?p=336738"},"modified":"2024-08-27T05:33:36","modified_gmt":"2024-08-27T02:33:36","slug":"presidente-sirio-ofrece-condolencias-por-fallecimiento-del-ex-primer-ministro-libanes-salim-al-hoss","status":"publish","type":"post","link":"https:\/\/archive.sana.sy\/es\/?p=336738","title":{"rendered":"Presidente sirio ofrece condolencias por fallecimiento del ex primer ministro liban\u00e9s Salim Al-Hoss"},"content":{"rendered":"<p style=\"text-align: justify;\"><span style=\"color: #800000;\"><strong>Beirut, 27 ago (SANA)\u00a0<\/strong> <\/span>Por instrucci\u00f3n del presidente Bashar Al-Assad, el asesor del Ministro de Asuntos Exteriores y Expatriados para Asuntos Libaneses y ex embajador en el L\u00edbano, Ali Abdel Karim, ofreci\u00f3 sus condolencias por la muerte del ex primer ministro liban\u00e9s, Salim Al-Hoss.<\/p>\n<p style=\"text-align: justify;\">Abdul Karim expres\u00f3 su p\u00e9same a la familia del fallecido en nombre del presidente Al-Assad, y destac\u00f3 sus virtudes y posiciones nacionales y \u00e1rabes y su diligente trabajo al servicio de las causas justas, en particular la liberaci\u00f3n de Palestina y de los territorios \u00e1rabes ocupados, adem\u00e1s de apoyar la resistencia.<\/p>\n<p style=\"text-align: justify;\">Por su parte, la familia del fallecido expres\u00f3 su agradecimiento y aprecio por el gesto del presidente Al-Assad, y desearon \u00e9xito, bienestar y victoria para el pueblo sirio.<\/p>\n<p style=\"text-align: justify;\">fm<\/p>\n","protected":false},"excerpt":{"rendered":"<p>Beirut, 27 ago (SANA)\u00a0 Por instrucci\u00f3n del presidente Bashar Al-Assad, el asesor del Ministro de Asuntos Exteriores y Expatriados para Asuntos Libaneses y ex embajador en el L\u00edbano, Ali Abdel Karim, ofreci\u00f3 sus condolencias por la muerte del ex primer ministro liban\u00e9s, Salim Al-Hoss. Abdul Karim expres\u00f3 su p\u00e9same a la familia del fallecido en &hellip;<\/p>\n","protected":false},"author":34,"featured_media":336739,"comment_status":"closed","ping_status":"closed","sticky":false,"template":"","format":"standard","meta":{"footnotes":""},"categories":[597,456,20724,7541],"tags":[],"class_list":["post-336738","post","type-post","status-publish","format-standard","has-post-thumbnail","","category-cinta-de-noticias","category-arabe-internacional-politica","category-minuto-a-minuto","category-ultimas-noticias"],"_links":{"self":[{"href":"https:\/\/archive.sana.sy\/es\/index.php?rest_route=\/wp\/v2\/posts\/336738"}],"collection":[{"href":"https:\/\/archive.sana.sy\/es\/index.php?rest_route=\/wp\/v2\/posts"}],"about":[{"href":"https:\/\/archive.sana.sy\/es\/index.php?rest_route=\/wp\/v2\/types\/post"}],"author":[{"embeddable":true,"href":"https:\/\/archive.sana.sy\/es\/index.php?rest_route=\/wp\/v2\/users\/34"}],"replies":[{"embeddable":true,"href":"https:\/\/archive.sana.sy\/es\/index.php?rest_route=%2Fwp%2Fv2%2Fcomments&post=336738"}],"version-history":[{"count":1,"href":"https:\/\/archive.sana.sy\/es\/index.php?rest_route=\/wp\/v2\/posts\/336738\/revisions"}],"predecessor-version":[{"id":336740,"href":"https:\/\/archive.sana.sy\/es\/index.php?rest_route=\/wp\/v2\/posts\/336738\/revisions\/336740"}],"wp:featuredmedia":[{"embeddable":true,"href":"https:\/\/archive.sana.sy\/es\/index.php?rest_route=\/wp\/v2\/media\/336739"}],"wp:attachment":[{"href":"https:\/\/archive.sana.sy\/es\/index.php?rest_route=%2Fwp%2Fv2%2Fmedia&parent=336738"}],"wp:term":[{"taxonomy":"category","embeddable":true,"href":"https:\/\/archive.sana.sy\/es\/index.php?rest_route=%2Fwp%2Fv2%2Fcategories&post=336738"},{"taxonomy":"post_tag","embeddable":true,"href":"https:\/\/archive.sana.sy\/es\/index.php?rest_route=%2Fwp%2Fv2%2Ftags&post=336738"}],"curies":[{"name":"wp","href":"https:\/\/api.w.org\/{rel}","templated":true}]}}