{"id":336812,"date":"2024-08-27T19:26:02","date_gmt":"2024-08-27T16:26:02","guid":{"rendered":"https:\/\/sana.sy\/es\/?p=336812"},"modified":"2024-08-27T19:26:02","modified_gmt":"2024-08-27T16:26:02","slug":"oiea-confirma-peligro-de-un-incidente-nuclear-en-kursk-debido-a-los-ataques-ucranianos","status":"publish","type":"post","link":"https:\/\/archive.sana.sy\/es\/?p=336812","title":{"rendered":"OIEA confirma peligro de un incidente nuclear en Kursk debido a los ataques ucranianos"},"content":{"rendered":"<p style=\"text-align: justify\"><span style=\"color: #800000\"><strong>Mosc\u00fa, 27 ago (SANA)<\/strong><\/span> El jefe de la Organismo Internacional de Energ\u00eda At\u00f3mica (OIEA), Rafael Grossi afirm\u00f3 la posibilidad de que se produjera un incidente nuclear en la regi\u00f3n rusa de Kursk.<\/p>\n<p style=\"text-align: justify\">Estas declaraciones fueron emitidas durante una rueda de prensa que ofreci\u00f3 tras su visita a la central nuclear de Kursk.<\/p>\n<p style=\"text-align: justify\">\u201cAqu\u00ed ahora existe el peligro de un incidente nuclear&#8230;&#8230;Hoy me contaron sobre varios ataques con aviones no tripulados contra el territorio y las instalaciones de la central. Mientras estaba en la estaci\u00f3n, vi rastros de estos ataques. En general, lo cierto es que a pocos kil\u00f3metros de la central nuclear se est\u00e1n llevando a cabo operaciones militares, hecho que genera gran preocupaci\u00f3n para el r\u00e9gimen de seguridad\u201d, dijo.<\/p>\n<p style=\"text-align: justify\">Destac\u00f3 que el OIEA en todo el mundo es responsable de mantener la seguridad de las instalaciones nucleares, raz\u00f3n por la cual acept\u00f3 la invitaci\u00f3n del presidente, Vladimir Putin, y acudi\u00f3 a la central de Kursk con los miembros de su equipo para evaluar personalmente la situaci\u00f3n y encontrar soluciones en cooperaci\u00f3n con los colegas rusos.<\/p>\n<p style=\"text-align: justify\">la<\/p>\n","protected":false},"excerpt":{"rendered":"<p>Mosc\u00fa, 27 ago (SANA) El jefe de la Organismo Internacional de Energ\u00eda At\u00f3mica (OIEA), Rafael Grossi afirm\u00f3 la posibilidad de que se produjera un incidente nuclear en la regi\u00f3n rusa de Kursk. Estas declaraciones fueron emitidas durante una rueda de prensa que ofreci\u00f3 tras su visita a la central nuclear de Kursk. \u201cAqu\u00ed ahora existe &hellip;<\/p>\n","protected":false},"author":24,"featured_media":336813,"comment_status":"closed","ping_status":"closed","sticky":false,"template":"","format":"standard","meta":{"footnotes":""},"categories":[597,456,20724,7541],"tags":[],"class_list":["post-336812","post","type-post","status-publish","format-standard","has-post-thumbnail","","category-cinta-de-noticias","category-arabe-internacional-politica","category-minuto-a-minuto","category-ultimas-noticias"],"_links":{"self":[{"href":"https:\/\/archive.sana.sy\/es\/index.php?rest_route=\/wp\/v2\/posts\/336812"}],"collection":[{"href":"https:\/\/archive.sana.sy\/es\/index.php?rest_route=\/wp\/v2\/posts"}],"about":[{"href":"https:\/\/archive.sana.sy\/es\/index.php?rest_route=\/wp\/v2\/types\/post"}],"author":[{"embeddable":true,"href":"https:\/\/archive.sana.sy\/es\/index.php?rest_route=\/wp\/v2\/users\/24"}],"replies":[{"embeddable":true,"href":"https:\/\/archive.sana.sy\/es\/index.php?rest_route=%2Fwp%2Fv2%2Fcomments&post=336812"}],"version-history":[{"count":1,"href":"https:\/\/archive.sana.sy\/es\/index.php?rest_route=\/wp\/v2\/posts\/336812\/revisions"}],"predecessor-version":[{"id":336814,"href":"https:\/\/archive.sana.sy\/es\/index.php?rest_route=\/wp\/v2\/posts\/336812\/revisions\/336814"}],"wp:featuredmedia":[{"embeddable":true,"href":"https:\/\/archive.sana.sy\/es\/index.php?rest_route=\/wp\/v2\/media\/336813"}],"wp:attachment":[{"href":"https:\/\/archive.sana.sy\/es\/index.php?rest_route=%2Fwp%2Fv2%2Fmedia&parent=336812"}],"wp:term":[{"taxonomy":"category","embeddable":true,"href":"https:\/\/archive.sana.sy\/es\/index.php?rest_route=%2Fwp%2Fv2%2Fcategories&post=336812"},{"taxonomy":"post_tag","embeddable":true,"href":"https:\/\/archive.sana.sy\/es\/index.php?rest_route=%2Fwp%2Fv2%2Ftags&post=336812"}],"curies":[{"name":"wp","href":"https:\/\/api.w.org\/{rel}","templated":true}]}}