{"id":336831,"date":"2024-08-28T06:01:31","date_gmt":"2024-08-28T03:01:31","guid":{"rendered":"https:\/\/sana.sy\/es\/?p=336831"},"modified":"2024-08-28T06:01:31","modified_gmt":"2024-08-28T03:01:31","slug":"siria-y-el-desafio-del-cambio-climatico","status":"publish","type":"post","link":"https:\/\/archive.sana.sy\/es\/?p=336831","title":{"rendered":"Siria y el desaf\u00edo del cambio clim\u00e1tico"},"content":{"rendered":"<blockquote>\n<p style=\"text-align: justify;\"><span style=\"color: #ff6600;\"><strong>Solo en 2022, el n\u00famero de tormentas de polvo alcanz\u00f3 los 25 con origen al norte y al sureste de Palmira, y esta regi\u00f3n nunca ha experimentado esto antes, lo cual indica la presencia de cambios clim\u00e1ticos significativos. Adem\u00e1s de notarse las diferencias de temperatura, incluso en 2023 se registr\u00f3 la temperatura m\u00e1s alta en la historia de Siria<\/strong><\/span><\/p>\n<\/blockquote>\n<p style=\"text-align: justify;\"><span style=\"color: #800000;\"><strong>Damasco, 28 ago (SANA)<\/strong> <\/span>El ministro sirio de Agricultura y Reforma Agraria, Mohamed Hassan Qatna, reconoci\u00f3 hoy el impacto negativo del cambio clim\u00e1tico en la econom\u00eda, alimentaci\u00f3n, salud y la sociedad, y llam\u00f3 a adoptar una estrategia nacional para enfrentar este desaf\u00edo.<\/p>\n<p style=\"text-align: justify;\">Al menos 22 regiones en Siria se ven afectadas por los cambios clim\u00e1ticos, y enfrentar este impacto requiere coordinaci\u00f3n, cooperaci\u00f3n entre los ministerios y las autoridades interesadas, afirm\u00f3 Qatna en una entrevista televisiva.<\/p>\n<p style=\"text-align: justify;\"><img loading=\"lazy\" decoding=\"async\" class=\"wp-image-336832 alignleft\" src=\"http:\/\/sana.sy\/es\/wp-content\/uploads\/2024\/08\/0-50-660x330-1.jpg\" alt=\"\" width=\"328\" height=\"164\" srcset=\"https:\/\/archive.sana.sy\/es\/wp-content\/uploads\/2024\/08\/0-50-660x330-1.jpg 660w, https:\/\/archive.sana.sy\/es\/wp-content\/uploads\/2024\/08\/0-50-660x330-1-300x150.jpg 300w, https:\/\/archive.sana.sy\/es\/wp-content\/uploads\/2024\/08\/0-50-660x330-1-150x75.jpg 150w\" sizes=\"(max-width: 328px) 100vw, 328px\" \/>Revel\u00f3 que se form\u00f3 un comit\u00e9 gubernamental integrado por varios ministerios e instituciones, cuyo objetivo es dar seguimiento a la implementaci\u00f3n de proyectos y la soluci\u00f3n de problemas en este campo.<\/p>\n<p style=\"text-align: justify;\">Seg\u00fan explic\u00f3 el titular, el 70 por ciento de la tierra agr\u00edcola en Siria depende de la lluvia, mientras que el 30 por ciento restante es de regad\u00edo.<\/p>\n<p style=\"text-align: justify;\">El aumento de las sequ\u00edas y la alteraci\u00f3n en las cantidades de lluvia en t\u00e9rminos de tiempo e intensidad provocaron grandes diferencias en la producci\u00f3n, una disminuci\u00f3n de las cantidades disponibles para la exportaci\u00f3n y afectaciones en las industrias manufactureras y la seguridad alimentaria, asegur\u00f3 el Ministro.<\/p>\n<p style=\"text-align: justify;\">De igual manera, aclar\u00f3 que la cubierta vegetal ha disminuido claramente en el desierto sirio y la incidencia de tormentas de polvo ha aumentado significativamente.<\/p>\n<p style=\"text-align: justify;\">Solo en 2022, el n\u00famero de tormentas de polvo alcanz\u00f3 los 25 con origen al norte y al sureste de Palmira, y esta regi\u00f3n nunca ha experimentado esto antes, lo cual indica la presencia de cambios clim\u00e1ticos significativos, adem\u00e1s de notarse las diferencias de temperatura, incluso en 2023 se registr\u00f3 la temperatura m\u00e1s alta en la historia de Siria, precis\u00f3.<\/p>\n<p style=\"text-align: justify;\">Tambi\u00e9n, habl\u00f3 de la disminuci\u00f3n de las superficies cultivadas, especialmente de cultivos de verano como trigo y algod\u00f3n, debido a la escasez de agua en los mantos subterr\u00e1neos y la reducci\u00f3n de las reservas de las represas, adem\u00e1s de la p\u00e9rdida de grandes \u00e1reas forestales por los incendios y la p\u00e9rdida de la gran diversidad biol\u00f3gica en estos bosques.<\/p>\n<p style=\"text-align: justify;\">El Ministro de Agricultura recalc\u00f3 la necesidad de desarrollar investigaciones agr\u00edcolas y clim\u00e1ticas para producir variedades resistentes a la sequ\u00eda y compatibles con los tipos de suelos en los que se encuentran.<\/p>\n<p style=\"text-align: justify;\">El Ministerio seguir\u00e1 apoyando la producci\u00f3n agr\u00edcola y no dejar\u00e1 un pedazo de tierra sin sembrar, e incentivar\u00e1 las industrias manufactureras basadas en productos agr\u00edcolas, concluy\u00f3 el Ministro.<\/p>\n<p style=\"text-align: justify;\">fm<\/p>\n","protected":false},"excerpt":{"rendered":"<p>Solo en 2022, el n\u00famero de tormentas de polvo alcanz\u00f3 los 25 con origen al norte y al sureste de Palmira, y esta regi\u00f3n nunca ha experimentado esto antes, lo cual indica la presencia de cambios clim\u00e1ticos significativos. Adem\u00e1s de notarse las diferencias de temperatura, incluso en 2023 se registr\u00f3 la temperatura m\u00e1s alta en &hellip;<\/p>\n","protected":false},"author":34,"featured_media":336833,"comment_status":"closed","ping_status":"closed","sticky":false,"template":"","format":"standard","meta":{"footnotes":""},"categories":[477,447,597,20724,476,583],"tags":[],"class_list":["post-336831","post","type-post","status-publish","format-standard","has-post-thumbnail","","category-noticias-edulcorantes","category-local-politica","category-cinta-de-noticias","category-minuto-a-minuto","category-locales","category-slide"],"_links":{"self":[{"href":"https:\/\/archive.sana.sy\/es\/index.php?rest_route=\/wp\/v2\/posts\/336831"}],"collection":[{"href":"https:\/\/archive.sana.sy\/es\/index.php?rest_route=\/wp\/v2\/posts"}],"about":[{"href":"https:\/\/archive.sana.sy\/es\/index.php?rest_route=\/wp\/v2\/types\/post"}],"author":[{"embeddable":true,"href":"https:\/\/archive.sana.sy\/es\/index.php?rest_route=\/wp\/v2\/users\/34"}],"replies":[{"embeddable":true,"href":"https:\/\/archive.sana.sy\/es\/index.php?rest_route=%2Fwp%2Fv2%2Fcomments&post=336831"}],"version-history":[{"count":1,"href":"https:\/\/archive.sana.sy\/es\/index.php?rest_route=\/wp\/v2\/posts\/336831\/revisions"}],"predecessor-version":[{"id":336834,"href":"https:\/\/archive.sana.sy\/es\/index.php?rest_route=\/wp\/v2\/posts\/336831\/revisions\/336834"}],"wp:featuredmedia":[{"embeddable":true,"href":"https:\/\/archive.sana.sy\/es\/index.php?rest_route=\/wp\/v2\/media\/336833"}],"wp:attachment":[{"href":"https:\/\/archive.sana.sy\/es\/index.php?rest_route=%2Fwp%2Fv2%2Fmedia&parent=336831"}],"wp:term":[{"taxonomy":"category","embeddable":true,"href":"https:\/\/archive.sana.sy\/es\/index.php?rest_route=%2Fwp%2Fv2%2Fcategories&post=336831"},{"taxonomy":"post_tag","embeddable":true,"href":"https:\/\/archive.sana.sy\/es\/index.php?rest_route=%2Fwp%2Fv2%2Ftags&post=336831"}],"curies":[{"name":"wp","href":"https:\/\/api.w.org\/{rel}","templated":true}]}}