{"id":336835,"date":"2024-08-28T11:32:10","date_gmt":"2024-08-28T08:32:10","guid":{"rendered":"https:\/\/sana.sy\/es\/?p=336835"},"modified":"2024-08-28T11:33:43","modified_gmt":"2024-08-28T08:33:43","slug":"escalada-israeli-en-cisjordania-deja-10-palestinos-muertos","status":"publish","type":"post","link":"https:\/\/archive.sana.sy\/es\/?p=336835","title":{"rendered":"Escalada israel\u00ed en Cisjordania deja 10 palestinos muertos"},"content":{"rendered":"<p style=\"text-align: justify;\"><span style=\"color: #800000;\"><strong>Jerusal\u00e9n ocupada, 28 ago (SANA)\u00a0<\/strong> <\/span>\u00a0Diez palestinos murieron esta madrugada en una nueva agresi\u00f3n israel\u00ed contra las ciudades de Yen\u00edn y Tubas, en Cisjordania.<\/p>\n<p style=\"text-align: justify;\">Seg\u00fan informaron medios palestinos, los militares israel\u00edes irrumpieron en las dos ciudades y sus campamentos apoyados con un gran n\u00famero de veh\u00edculos militares y excavadoras, y abrieron fuego contra los palestinos y sus viviendas, lo que provoc\u00f3 la muerte de 6 j\u00f3venes en Yen\u00edn.<\/p>\n<p style=\"text-align: justify;\">Otros cuatro j\u00f3venes perdieron su vida en un bombardeo de un dron contra el campo de Al-Faraa en Tubas, agregaron las fuentes.<\/p>\n<p style=\"text-align: justify;\">En plena madrugada de este mi\u00e9rcoles, las tropas del ej\u00e9rcito israel\u00ed irrumpieron en Yen\u00edn, Tubas y Tulkarm con excavadoras y veh\u00edculos militares, destrozaron la infraestructura e impusieron un asedio a hospitales y centros m\u00e9dicos.<\/p>\n<p style=\"text-align: justify;\">Mientras tanto, la Media Luna Roja Palestina anunci\u00f3 que sus equipos enfrentan dificultades para tratar a los heridos debido a que las fuerzas del ocupante impiden la llegada de ambulancias.<\/p>\n<p style=\"text-align: justify;\">La v\u00edspera, siete palestinos fallecieron y otros resultaron heridos por disparos israel\u00edes en Cisjordania.<\/p>\n<p style=\"text-align: justify;\"><span style=\"color: #800000;\"><strong>ws\/fm<\/strong><\/span><\/p>\n","protected":false},"excerpt":{"rendered":"<p>Jerusal\u00e9n ocupada, 28 ago (SANA)\u00a0 \u00a0Diez palestinos murieron esta madrugada en una nueva agresi\u00f3n israel\u00ed contra las ciudades de Yen\u00edn y Tubas, en Cisjordania. Seg\u00fan informaron medios palestinos, los militares israel\u00edes irrumpieron en las dos ciudades y sus campamentos apoyados con un gran n\u00famero de veh\u00edculos militares y excavadoras, y abrieron fuego contra los palestinos &hellip;<\/p>\n","protected":false},"author":35,"featured_media":336836,"comment_status":"closed","ping_status":"closed","sticky":false,"template":"","format":"standard","meta":{"footnotes":""},"categories":[597,456,16687,20724,7541],"tags":[],"class_list":["post-336835","post","type-post","status-publish","format-standard","has-post-thumbnail","","category-cinta-de-noticias","category-arabe-internacional-politica","category-internacionales","category-minuto-a-minuto","category-ultimas-noticias"],"_links":{"self":[{"href":"https:\/\/archive.sana.sy\/es\/index.php?rest_route=\/wp\/v2\/posts\/336835"}],"collection":[{"href":"https:\/\/archive.sana.sy\/es\/index.php?rest_route=\/wp\/v2\/posts"}],"about":[{"href":"https:\/\/archive.sana.sy\/es\/index.php?rest_route=\/wp\/v2\/types\/post"}],"author":[{"embeddable":true,"href":"https:\/\/archive.sana.sy\/es\/index.php?rest_route=\/wp\/v2\/users\/35"}],"replies":[{"embeddable":true,"href":"https:\/\/archive.sana.sy\/es\/index.php?rest_route=%2Fwp%2Fv2%2Fcomments&post=336835"}],"version-history":[{"count":3,"href":"https:\/\/archive.sana.sy\/es\/index.php?rest_route=\/wp\/v2\/posts\/336835\/revisions"}],"predecessor-version":[{"id":336839,"href":"https:\/\/archive.sana.sy\/es\/index.php?rest_route=\/wp\/v2\/posts\/336835\/revisions\/336839"}],"wp:featuredmedia":[{"embeddable":true,"href":"https:\/\/archive.sana.sy\/es\/index.php?rest_route=\/wp\/v2\/media\/336836"}],"wp:attachment":[{"href":"https:\/\/archive.sana.sy\/es\/index.php?rest_route=%2Fwp%2Fv2%2Fmedia&parent=336835"}],"wp:term":[{"taxonomy":"category","embeddable":true,"href":"https:\/\/archive.sana.sy\/es\/index.php?rest_route=%2Fwp%2Fv2%2Fcategories&post=336835"},{"taxonomy":"post_tag","embeddable":true,"href":"https:\/\/archive.sana.sy\/es\/index.php?rest_route=%2Fwp%2Fv2%2Ftags&post=336835"}],"curies":[{"name":"wp","href":"https:\/\/api.w.org\/{rel}","templated":true}]}}