{"id":336873,"date":"2024-08-28T18:39:28","date_gmt":"2024-08-28T15:39:28","guid":{"rendered":"https:\/\/sana.sy\/es\/?p=336873"},"modified":"2024-08-28T18:50:37","modified_gmt":"2024-08-28T15:50:37","slug":"decreto-presidencial-para-desarrollar-elecciones-de-las-camaras-de-comercio-e-industria","status":"publish","type":"post","link":"https:\/\/archive.sana.sy\/es\/?p=336873","title":{"rendered":"Decreto presidencial para desarrollar elecciones de las c\u00e1maras de comercio e industria"},"content":{"rendered":"<p style=\"text-align: justify\"><span style=\"color: #800000\"><strong>Damasco, 28 ago (SANA)<\/strong> <\/span>El presidente, Bashar al-Assad emiti\u00f3 este mi\u00e9rcoles el Decreto Legislativo N\u00b0 21 para el a\u00f1o 2024, el cual enmienda los art\u00edculos 20 y 103 de la Ley N\u00b0 8 de 2020, que regula el trabajo de las c\u00e1maras de comercio y las c\u00e1maras conjuntas de comercio e industria en todas las provincias.<\/p>\n<p style=\"text-align: justify\">El decreto tiene como objetivo desarrollar el proceso electoral y lograr una mayor transparencia y equidad a la hora de elegir los miembros de las juntas directivas de las c\u00e1maras de comercio mediante varias herramientas, incluida la introducci\u00f3n del sistema de voto electr\u00f3nico junto al m\u00e9todo tradicional en la celebraci\u00f3n de las elecciones.<\/p>\n<p>&nbsp;<\/p>\n<p>la<\/p>\n","protected":false},"excerpt":{"rendered":"<p>Damasco, 28 ago (SANA) El presidente, Bashar al-Assad emiti\u00f3 este mi\u00e9rcoles el Decreto Legislativo N\u00b0 21 para el a\u00f1o 2024, el cual enmienda los art\u00edculos 20 y 103 de la Ley N\u00b0 8 de 2020, que regula el trabajo de las c\u00e1maras de comercio y las c\u00e1maras conjuntas de comercio e industria en todas las &hellip;<\/p>\n","protected":false},"author":24,"featured_media":336874,"comment_status":"closed","ping_status":"closed","sticky":false,"template":"","format":"standard","meta":{"footnotes":""},"categories":[597,20724,16237,626,7541],"tags":[],"class_list":["post-336873","post","type-post","status-publish","format-standard","has-post-thumbnail","","category-cinta-de-noticias","category-minuto-a-minuto","category-presidence-de-la-republique-arabe-syria","category-sr-presidente","category-ultimas-noticias"],"_links":{"self":[{"href":"https:\/\/archive.sana.sy\/es\/index.php?rest_route=\/wp\/v2\/posts\/336873"}],"collection":[{"href":"https:\/\/archive.sana.sy\/es\/index.php?rest_route=\/wp\/v2\/posts"}],"about":[{"href":"https:\/\/archive.sana.sy\/es\/index.php?rest_route=\/wp\/v2\/types\/post"}],"author":[{"embeddable":true,"href":"https:\/\/archive.sana.sy\/es\/index.php?rest_route=\/wp\/v2\/users\/24"}],"replies":[{"embeddable":true,"href":"https:\/\/archive.sana.sy\/es\/index.php?rest_route=%2Fwp%2Fv2%2Fcomments&post=336873"}],"version-history":[{"count":2,"href":"https:\/\/archive.sana.sy\/es\/index.php?rest_route=\/wp\/v2\/posts\/336873\/revisions"}],"predecessor-version":[{"id":336876,"href":"https:\/\/archive.sana.sy\/es\/index.php?rest_route=\/wp\/v2\/posts\/336873\/revisions\/336876"}],"wp:featuredmedia":[{"embeddable":true,"href":"https:\/\/archive.sana.sy\/es\/index.php?rest_route=\/wp\/v2\/media\/336874"}],"wp:attachment":[{"href":"https:\/\/archive.sana.sy\/es\/index.php?rest_route=%2Fwp%2Fv2%2Fmedia&parent=336873"}],"wp:term":[{"taxonomy":"category","embeddable":true,"href":"https:\/\/archive.sana.sy\/es\/index.php?rest_route=%2Fwp%2Fv2%2Fcategories&post=336873"},{"taxonomy":"post_tag","embeddable":true,"href":"https:\/\/archive.sana.sy\/es\/index.php?rest_route=%2Fwp%2Fv2%2Ftags&post=336873"}],"curies":[{"name":"wp","href":"https:\/\/api.w.org\/{rel}","templated":true}]}}