{"id":336894,"date":"2024-08-29T05:42:03","date_gmt":"2024-08-29T02:42:03","guid":{"rendered":"https:\/\/sana.sy\/es\/?p=336894"},"modified":"2024-08-29T05:42:22","modified_gmt":"2024-08-29T02:42:22","slug":"siria-alerta-de-consecuencias-de-la-escalada-de-agresiones-israelies","status":"publish","type":"post","link":"https:\/\/archive.sana.sy\/es\/?p=336894","title":{"rendered":"Siria alerta de consecuencias de la escalada de agresiones israel\u00edes"},"content":{"rendered":"<p style=\"text-align: justify;\">Damasco, 29 ago (SANA) El representante permanente adjunto de Siria ante las Naciones Unidas, Al-Hakam Dendi, alert\u00f3 durante una sesi\u00f3n del Consejo de Seguridad dedicada a debatir los asuntos pol\u00edticos y humanitarios en Siria, que la escalada de cr\u00edmenes israel\u00edes provocar\u00eda repercusiones negativas no solo para la regi\u00f3n de Oriente Medio sino en el mundo entero.<\/p>\n<p style=\"text-align: justify;\">El genocidio que comete Israel contra el pueblo palestino y sus continuas agresiones contra varios pa\u00edses, incluidos Siria y L\u00edbano, amenazan con incendiar y hacer estallar toda la regi\u00f3n, lo que tendr\u00e1 repercusiones nefastas en todo el mundo, indic\u00f3 el diplom\u00e1tico.<\/p>\n<p style=\"text-align: justify;\">\u00a0<img loading=\"lazy\" decoding=\"async\" class=\"wp-image-336896 alignleft\" src=\"http:\/\/sana.sy\/es\/wp-content\/uploads\/2024\/08\/8ee39742-ee73-4df0-bf31-494fa757ef5a_16-9-discover-aspect-ratio_default_0_x2976y1992.jpg\" alt=\"\" width=\"391\" height=\"220\" srcset=\"https:\/\/archive.sana.sy\/es\/wp-content\/uploads\/2024\/08\/8ee39742-ee73-4df0-bf31-494fa757ef5a_16-9-discover-aspect-ratio_default_0_x2976y1992.jpg 1200w, https:\/\/archive.sana.sy\/es\/wp-content\/uploads\/2024\/08\/8ee39742-ee73-4df0-bf31-494fa757ef5a_16-9-discover-aspect-ratio_default_0_x2976y1992-300x169.jpg 300w, https:\/\/archive.sana.sy\/es\/wp-content\/uploads\/2024\/08\/8ee39742-ee73-4df0-bf31-494fa757ef5a_16-9-discover-aspect-ratio_default_0_x2976y1992-1024x576.jpg 1024w, https:\/\/archive.sana.sy\/es\/wp-content\/uploads\/2024\/08\/8ee39742-ee73-4df0-bf31-494fa757ef5a_16-9-discover-aspect-ratio_default_0_x2976y1992-150x84.jpg 150w, https:\/\/archive.sana.sy\/es\/wp-content\/uploads\/2024\/08\/8ee39742-ee73-4df0-bf31-494fa757ef5a_16-9-discover-aspect-ratio_default_0_x2976y1992-768x432.jpg 768w\" sizes=\"(max-width: 391px) 100vw, 391px\" \/>Subray\u00f3 que lo que aumenta a\u00fan m\u00e1s estos peligros inminentes es el hecho de que los pa\u00edses occidentales, encabezados por Estados Unidos, movilicen sus flotas y ej\u00e9rcitos en apoyo a Tel Aviv, para que este \u00faltimo incremente sus cr\u00edmenes y masacres, en lugar de ejercer su papel de miembros permanentes en el Consejo de Seguridad y contribuir al cumplimiento de su mandato y al mantenimiento de la paz y la seguridad internacionales de conformidad con la Carta de la ONU.<\/p>\n<p style=\"text-align: justify;\">Hizo referencia al ataque de Israel cometido en d\u00eda 27 de julio y en el que murieron 12 menores en la ciudad de Majdal Shams en el Gol\u00e1n sirio ocupado, y rechaz\u00f3 las mentiras vertidas por el representante sionista sobre este incidente y en el que dijo que son menores israel\u00edes.<\/p>\n<p style=\"text-align: justify;\">Condenamos en los t\u00e9rminos m\u00e1s en\u00e9rgicos estos trucos abiertos y manipulaci\u00f3n de los hechos y las verdades de que ni\u00f1os sirios que murieron en la agresi\u00f3n israel\u00ed son israel\u00edes, aclar\u00f3.<\/p>\n<p style=\"text-align: justify;\">De acuerdo con los datos del Ministerio de Salud palestino, el saldo total de v\u00edctimas palestinas durante 327 d\u00edas de continua agresi\u00f3n a Gaza aument\u00f3 a 40 mil 534 muertos y 93 mil 778 heridos.<\/p>\n<p style=\"text-align: justify;\">fm<\/p>\n","protected":false},"excerpt":{"rendered":"<p>Damasco, 29 ago (SANA) El representante permanente adjunto de Siria ante las Naciones Unidas, Al-Hakam Dendi, alert\u00f3 durante una sesi\u00f3n del Consejo de Seguridad dedicada a debatir los asuntos pol\u00edticos y humanitarios en Siria, que la escalada de cr\u00edmenes israel\u00edes provocar\u00eda repercusiones negativas no solo para la regi\u00f3n de Oriente Medio sino en el mundo &hellip;<\/p>\n","protected":false},"author":34,"featured_media":336895,"comment_status":"closed","ping_status":"closed","sticky":false,"template":"","format":"standard","meta":{"footnotes":""},"categories":[477,447,597,20724,467,583],"tags":[],"class_list":["post-336894","post","type-post","status-publish","format-standard","has-post-thumbnail","","category-noticias-edulcorantes","category-local-politica","category-cinta-de-noticias","category-minuto-a-minuto","category-siria-y-el-mundo","category-slide"],"_links":{"self":[{"href":"https:\/\/archive.sana.sy\/es\/index.php?rest_route=\/wp\/v2\/posts\/336894"}],"collection":[{"href":"https:\/\/archive.sana.sy\/es\/index.php?rest_route=\/wp\/v2\/posts"}],"about":[{"href":"https:\/\/archive.sana.sy\/es\/index.php?rest_route=\/wp\/v2\/types\/post"}],"author":[{"embeddable":true,"href":"https:\/\/archive.sana.sy\/es\/index.php?rest_route=\/wp\/v2\/users\/34"}],"replies":[{"embeddable":true,"href":"https:\/\/archive.sana.sy\/es\/index.php?rest_route=%2Fwp%2Fv2%2Fcomments&post=336894"}],"version-history":[{"count":2,"href":"https:\/\/archive.sana.sy\/es\/index.php?rest_route=\/wp\/v2\/posts\/336894\/revisions"}],"predecessor-version":[{"id":336898,"href":"https:\/\/archive.sana.sy\/es\/index.php?rest_route=\/wp\/v2\/posts\/336894\/revisions\/336898"}],"wp:featuredmedia":[{"embeddable":true,"href":"https:\/\/archive.sana.sy\/es\/index.php?rest_route=\/wp\/v2\/media\/336895"}],"wp:attachment":[{"href":"https:\/\/archive.sana.sy\/es\/index.php?rest_route=%2Fwp%2Fv2%2Fmedia&parent=336894"}],"wp:term":[{"taxonomy":"category","embeddable":true,"href":"https:\/\/archive.sana.sy\/es\/index.php?rest_route=%2Fwp%2Fv2%2Fcategories&post=336894"},{"taxonomy":"post_tag","embeddable":true,"href":"https:\/\/archive.sana.sy\/es\/index.php?rest_route=%2Fwp%2Fv2%2Ftags&post=336894"}],"curies":[{"name":"wp","href":"https:\/\/api.w.org\/{rel}","templated":true}]}}