{"id":336902,"date":"2024-08-29T05:58:29","date_gmt":"2024-08-29T02:58:29","guid":{"rendered":"https:\/\/sana.sy\/es\/?p=336902"},"modified":"2024-08-29T05:58:29","modified_gmt":"2024-08-29T02:58:29","slug":"rusia-exige-fin-de-la-presencia-militar-extranjera-que-viola-la-soberania-siria","status":"publish","type":"post","link":"https:\/\/archive.sana.sy\/es\/?p=336902","title":{"rendered":"Rusia exige fin de la presencia militar extranjera que viola la soberan\u00eda siria"},"content":{"rendered":"<p style=\"text-align: justify;\"><span style=\"color: #800000;\"><strong>Mosc\u00fa, 29 ago (SANA)\u00a0<\/strong> <\/span>Rusia reiter\u00f3 hoy su reclamo de poner fin a la presencia militar extranjera que viola la soberan\u00eda y la integridad territorial de la Rep\u00fablica \u00c1rabe Siria y consider\u00f3 que tal medida es necesaria para lograr una estabilidad sostenible en este pa\u00eds.<\/p>\n<p style=\"text-align: justify;\">La agencia de noticias TASS cit\u00f3 al representante adjunto de Rusia ante las Naciones Unidas, Dmitry Polyansky, diciendo en una reuni\u00f3n del Consejo de Seguridad de la ONU que &#8220;debido a estas acciones, todos los esfuerzos destinados a lograr un acuerdo pol\u00edtico est\u00e1n condenados al fracaso\u201d.<\/p>\n<p style=\"text-align: justify;\">Agreg\u00f3 que las agresiones a\u00e9reas contra territorio sirio frustran todos los esfuerzos por alcanzar una soluci\u00f3n pol\u00edtica y deben ser detenidas.<\/p>\n<p style=\"text-align: justify;\">El diplom\u00e1tico ruso a\u00f1adi\u00f3 que la clave para la paz en Siria podr\u00eda estar en que Occidente abandone sus obstinadas posiciones anti-Damasco y establezca relaciones normales e igualitarias con la Rep\u00fablica \u00c1rabe Siria basadas en el respeto mutuo.<\/p>\n<p style=\"text-align: justify;\">fm<\/p>\n","protected":false},"excerpt":{"rendered":"<p>Mosc\u00fa, 29 ago (SANA)\u00a0 Rusia reiter\u00f3 hoy su reclamo de poner fin a la presencia militar extranjera que viola la soberan\u00eda y la integridad territorial de la Rep\u00fablica \u00c1rabe Siria y consider\u00f3 que tal medida es necesaria para lograr una estabilidad sostenible en este pa\u00eds. La agencia de noticias TASS cit\u00f3 al representante adjunto de &hellip;<\/p>\n","protected":false},"author":34,"featured_media":336903,"comment_status":"closed","ping_status":"closed","sticky":false,"template":"","format":"standard","meta":{"footnotes":""},"categories":[597,20724,467,7541],"tags":[],"class_list":["post-336902","post","type-post","status-publish","format-standard","has-post-thumbnail","","category-cinta-de-noticias","category-minuto-a-minuto","category-siria-y-el-mundo","category-ultimas-noticias"],"_links":{"self":[{"href":"https:\/\/archive.sana.sy\/es\/index.php?rest_route=\/wp\/v2\/posts\/336902"}],"collection":[{"href":"https:\/\/archive.sana.sy\/es\/index.php?rest_route=\/wp\/v2\/posts"}],"about":[{"href":"https:\/\/archive.sana.sy\/es\/index.php?rest_route=\/wp\/v2\/types\/post"}],"author":[{"embeddable":true,"href":"https:\/\/archive.sana.sy\/es\/index.php?rest_route=\/wp\/v2\/users\/34"}],"replies":[{"embeddable":true,"href":"https:\/\/archive.sana.sy\/es\/index.php?rest_route=%2Fwp%2Fv2%2Fcomments&post=336902"}],"version-history":[{"count":1,"href":"https:\/\/archive.sana.sy\/es\/index.php?rest_route=\/wp\/v2\/posts\/336902\/revisions"}],"predecessor-version":[{"id":336904,"href":"https:\/\/archive.sana.sy\/es\/index.php?rest_route=\/wp\/v2\/posts\/336902\/revisions\/336904"}],"wp:featuredmedia":[{"embeddable":true,"href":"https:\/\/archive.sana.sy\/es\/index.php?rest_route=\/wp\/v2\/media\/336903"}],"wp:attachment":[{"href":"https:\/\/archive.sana.sy\/es\/index.php?rest_route=%2Fwp%2Fv2%2Fmedia&parent=336902"}],"wp:term":[{"taxonomy":"category","embeddable":true,"href":"https:\/\/archive.sana.sy\/es\/index.php?rest_route=%2Fwp%2Fv2%2Fcategories&post=336902"},{"taxonomy":"post_tag","embeddable":true,"href":"https:\/\/archive.sana.sy\/es\/index.php?rest_route=%2Fwp%2Fv2%2Ftags&post=336902"}],"curies":[{"name":"wp","href":"https:\/\/api.w.org\/{rel}","templated":true}]}}