{"id":336917,"date":"2024-08-29T11:34:49","date_gmt":"2024-08-29T08:34:49","guid":{"rendered":"https:\/\/sana.sy\/es\/?p=336917"},"modified":"2024-08-29T11:34:49","modified_gmt":"2024-08-29T08:34:49","slug":"reportan-nueve-palestinos-muertos-en-gaza-durante-las-ultimas-horas","status":"publish","type":"post","link":"https:\/\/archive.sana.sy\/es\/?p=336917","title":{"rendered":"Reportan nueve palestinos muertos en Gaza durante las \u00faltimas horas"},"content":{"rendered":"<p style=\"text-align: justify;\"><strong><span style=\"color: #800000;\">Jerusal\u00e9n ocupada, 29 ago (SANA)<\/span>\u00a0<\/strong>\u00a0 Nueve palestinos perdieron la vida y otros resultaron heridos, entre ellos ni\u00f1os y mujeres, por los continuos bombardeos perpetrados por el ocupante israel\u00ed por aire, tierra y mar contra diversas \u00e1reas de la Franja de Gaza.<\/p>\n<p style=\"text-align: justify;\">&#8220;Durante el d\u00eda 328 de la agresi\u00f3n israel\u00ed a Gaza, ocho palestinos, incluida una ni\u00f1a, perdieron la vida y otros tres resultaron gravemente heridos en un bombardeo a\u00e9reo contra un edificio residencial al oeste de la ciudad de Gaza&#8221;, inform\u00f3 la agencia Wafa.<\/p>\n<p style=\"text-align: justify;\">Asimismo, un palestino fue asesinado y otros resultaron heridos por bombardeo israel\u00ed contra una vivienda en el campamento Al-Shatee.<\/p>\n<p style=\"text-align: justify;\">El Ministerio de Salud palestino anunci\u00f3 que el n\u00famero de v\u00edctimas de la agresi\u00f3n israel\u00ed contra Gaza desde su inicio el 7 de octubre pasado, ascendi\u00f3 a 40.534 muertos y 93.778 heridos.<\/p>\n<p style=\"text-align: justify;\">Miles de v\u00edctimas permanecen bajo los escombros o en las calles, sin que los equipos de rescate puedan llegar a ellos.<\/p>\n<p style=\"text-align: justify;\">ED\/FM<\/p>\n","protected":false},"excerpt":{"rendered":"<p>Jerusal\u00e9n ocupada, 29 ago (SANA)\u00a0\u00a0 Nueve palestinos perdieron la vida y otros resultaron heridos, entre ellos ni\u00f1os y mujeres, por los continuos bombardeos perpetrados por el ocupante israel\u00ed por aire, tierra y mar contra diversas \u00e1reas de la Franja de Gaza. &#8220;Durante el d\u00eda 328 de la agresi\u00f3n israel\u00ed a Gaza, ocho palestinos, incluida una &hellip;<\/p>\n","protected":false},"author":32,"featured_media":336918,"comment_status":"closed","ping_status":"closed","sticky":false,"template":"","format":"standard","meta":{"footnotes":""},"categories":[597,456,20724,7541],"tags":[],"class_list":["post-336917","post","type-post","status-publish","format-standard","has-post-thumbnail","","category-cinta-de-noticias","category-arabe-internacional-politica","category-minuto-a-minuto","category-ultimas-noticias"],"_links":{"self":[{"href":"https:\/\/archive.sana.sy\/es\/index.php?rest_route=\/wp\/v2\/posts\/336917"}],"collection":[{"href":"https:\/\/archive.sana.sy\/es\/index.php?rest_route=\/wp\/v2\/posts"}],"about":[{"href":"https:\/\/archive.sana.sy\/es\/index.php?rest_route=\/wp\/v2\/types\/post"}],"author":[{"embeddable":true,"href":"https:\/\/archive.sana.sy\/es\/index.php?rest_route=\/wp\/v2\/users\/32"}],"replies":[{"embeddable":true,"href":"https:\/\/archive.sana.sy\/es\/index.php?rest_route=%2Fwp%2Fv2%2Fcomments&post=336917"}],"version-history":[{"count":1,"href":"https:\/\/archive.sana.sy\/es\/index.php?rest_route=\/wp\/v2\/posts\/336917\/revisions"}],"predecessor-version":[{"id":336919,"href":"https:\/\/archive.sana.sy\/es\/index.php?rest_route=\/wp\/v2\/posts\/336917\/revisions\/336919"}],"wp:featuredmedia":[{"embeddable":true,"href":"https:\/\/archive.sana.sy\/es\/index.php?rest_route=\/wp\/v2\/media\/336918"}],"wp:attachment":[{"href":"https:\/\/archive.sana.sy\/es\/index.php?rest_route=%2Fwp%2Fv2%2Fmedia&parent=336917"}],"wp:term":[{"taxonomy":"category","embeddable":true,"href":"https:\/\/archive.sana.sy\/es\/index.php?rest_route=%2Fwp%2Fv2%2Fcategories&post=336917"},{"taxonomy":"post_tag","embeddable":true,"href":"https:\/\/archive.sana.sy\/es\/index.php?rest_route=%2Fwp%2Fv2%2Ftags&post=336917"}],"curies":[{"name":"wp","href":"https:\/\/api.w.org\/{rel}","templated":true}]}}