{"id":336920,"date":"2024-08-29T12:20:28","date_gmt":"2024-08-29T09:20:28","guid":{"rendered":"https:\/\/sana.sy\/es\/?p=336920"},"modified":"2024-08-29T12:25:51","modified_gmt":"2024-08-29T09:25:51","slug":"ataque-israeli-en-gaza-alcanza-deliberadamente-un-vehiculo-humanitario-de-la-onu","status":"publish","type":"post","link":"https:\/\/archive.sana.sy\/es\/?p=336920","title":{"rendered":"Ataque israel\u00ed en Gaza alcanza deliberadamente un veh\u00edculo humanitario de la ONU"},"content":{"rendered":"<p style=\"text-align: justify;\"><span style=\"color: #800000;\"><strong>Naciones Unidas, 29 ago (SANA)\u00a0<\/strong><\/span> \u00a0La Organizaci\u00f3n de Naciones Unidas (ONU) denunci\u00f3 el mi\u00e9rcoles otro ataque de \u201cIsrael\u00ed\u201d contra un veh\u00edculo perteneciente al Programa Mundial de Alimentos (PMA) que fue alcanzado por 10 disparos en los alrededores de Wadi Gaza a pesar de contar con identificaci\u00f3n.<\/p>\n<p style=\"text-align: justify;\">El portavoz del secretario general (Ant\u00f3nio Guterres), St\u00e9phane Dujarric, dijo en una rueda de prensa que el veh\u00edculo fue claramente identificado y formaba parte de un convoy y acus\u00f3 directamente a &#8220;Israel&#8221; de atacar deliberadamente las Naciones Unidas, su Agencia para Refugiados Palestinos e incluso contra el propio Guterres.<\/p>\n<p style=\"text-align: justify;\">El veh\u00edculo blindado recibi\u00f3 disparos incluso contra las ventadas delanteras aunque ninguno de los dos miembros del personal que permanec\u00edan en el interior fueron heridos f\u00edsicamente.<\/p>\n<p style=\"text-align: justify;\">No es el primer incidente de veh\u00edculos de la ONU alcanzados desde el comienzo de la actual agresi\u00f3n israel\u00ed contra Gaza, con el objetivo de obstaculizar la llegada de la ayuda a los gazat\u00edes.<\/p>\n<p style=\"text-align: justify;\"><span style=\"color: #800000;\"><strong>ws\/fm<\/strong><\/span><\/p>\n","protected":false},"excerpt":{"rendered":"<p>Naciones Unidas, 29 ago (SANA)\u00a0 \u00a0La Organizaci\u00f3n de Naciones Unidas (ONU) denunci\u00f3 el mi\u00e9rcoles otro ataque de \u201cIsrael\u00ed\u201d contra un veh\u00edculo perteneciente al Programa Mundial de Alimentos (PMA) que fue alcanzado por 10 disparos en los alrededores de Wadi Gaza a pesar de contar con identificaci\u00f3n. El portavoz del secretario general (Ant\u00f3nio Guterres), St\u00e9phane Dujarric, &hellip;<\/p>\n","protected":false},"author":35,"featured_media":336922,"comment_status":"closed","ping_status":"closed","sticky":false,"template":"","format":"standard","meta":{"footnotes":""},"categories":[597,456,16687,20724,7541],"tags":[],"class_list":["post-336920","post","type-post","status-publish","format-standard","has-post-thumbnail","","category-cinta-de-noticias","category-arabe-internacional-politica","category-internacionales","category-minuto-a-minuto","category-ultimas-noticias"],"_links":{"self":[{"href":"https:\/\/archive.sana.sy\/es\/index.php?rest_route=\/wp\/v2\/posts\/336920"}],"collection":[{"href":"https:\/\/archive.sana.sy\/es\/index.php?rest_route=\/wp\/v2\/posts"}],"about":[{"href":"https:\/\/archive.sana.sy\/es\/index.php?rest_route=\/wp\/v2\/types\/post"}],"author":[{"embeddable":true,"href":"https:\/\/archive.sana.sy\/es\/index.php?rest_route=\/wp\/v2\/users\/35"}],"replies":[{"embeddable":true,"href":"https:\/\/archive.sana.sy\/es\/index.php?rest_route=%2Fwp%2Fv2%2Fcomments&post=336920"}],"version-history":[{"count":2,"href":"https:\/\/archive.sana.sy\/es\/index.php?rest_route=\/wp\/v2\/posts\/336920\/revisions"}],"predecessor-version":[{"id":336923,"href":"https:\/\/archive.sana.sy\/es\/index.php?rest_route=\/wp\/v2\/posts\/336920\/revisions\/336923"}],"wp:featuredmedia":[{"embeddable":true,"href":"https:\/\/archive.sana.sy\/es\/index.php?rest_route=\/wp\/v2\/media\/336922"}],"wp:attachment":[{"href":"https:\/\/archive.sana.sy\/es\/index.php?rest_route=%2Fwp%2Fv2%2Fmedia&parent=336920"}],"wp:term":[{"taxonomy":"category","embeddable":true,"href":"https:\/\/archive.sana.sy\/es\/index.php?rest_route=%2Fwp%2Fv2%2Fcategories&post=336920"},{"taxonomy":"post_tag","embeddable":true,"href":"https:\/\/archive.sana.sy\/es\/index.php?rest_route=%2Fwp%2Fv2%2Ftags&post=336920"}],"curies":[{"name":"wp","href":"https:\/\/api.w.org\/{rel}","templated":true}]}}