{"id":33693,"date":"2015-11-17T17:59:21","date_gmt":"2015-11-17T15:59:21","guid":{"rendered":"http:\/\/sana.sy\/es\/?p=33693"},"modified":"2015-11-17T17:59:21","modified_gmt":"2015-11-17T15:59:21","slug":"gabinete-celebra-su-sesion-semanal-y-debate-varios-temas-de-interes-publico","status":"publish","type":"post","link":"https:\/\/archive.sana.sy\/es\/?p=33693","title":{"rendered":"Gabinete celebra su sesi\u00f3n semanal y debate varios temas de inter\u00e9s p\u00fablico"},"content":{"rendered":"<p><span style=\"color: #800000\">Damasco, SANA<\/span><\/p>\n<p>El gabinete debati\u00f3 este martes durante su sesi\u00f3n semanal las v\u00edas de mejorar los servicios prestados por los sectores de electricidad, transporte, agua, y salud, adem\u00e1s de varios temas econ\u00f3micos.<\/p>\n<p>Al iniciar la sesi\u00f3n, el primer ministro hizo una panor\u00e1mica sobre las reformas realizadas en Siria gracias al Movimiento de<br \/>\nRectificaci\u00f3n, aludiendo a los proyectos vitales que inaugur\u00f3 recientemente con motivo del 47 aniversario de este important\u00edsimo evento en las provincias de Tartous, Latakia y Damasco-campo, cuyo valor total ha alcanzado los 35 mil millones de libras sirias.<\/p>\n<p>Por su parte, el ministro de Administraci\u00f3n local habl\u00f3 de los esfuerzos de su ministerio para suministrar los productos alimentarios y las asistencias humanitarias a las provincias de Alepo y Deir Ezzor.<\/p>\n<p>El Canciller sirio, Walid al-Moallem reiter\u00f3que la lucha antiterrorista encabeza las prioridades del pueblo sirio, enfatizando que es terrorista, cualquier persona que porta las armas contra el Estado sirio.<\/p>\n<p>A continuaci\u00f3n, el Gabinete examin\u00f3 el proyecto de ley relativo a la creaci\u00f3n de un fondo de\u00a0apoyo los proyectos de servicio e inversi\u00f3n \u00a0de las unidades administrativas.<\/p>\n<p>&nbsp;<br \/>\nLynn A.<\/p>\n","protected":false},"excerpt":{"rendered":"<p>Damasco, SANA El gabinete debati\u00f3 este martes durante su sesi\u00f3n semanal las v\u00edas de mejorar los servicios prestados por los sectores de electricidad, transporte, agua, y salud, adem\u00e1s de varios temas econ\u00f3micos. Al iniciar la sesi\u00f3n, el primer ministro hizo una panor\u00e1mica sobre las reformas realizadas en Siria gracias al Movimiento de Rectificaci\u00f3n, aludiendo a &hellip;<\/p>\n","protected":false},"author":24,"featured_media":33694,"comment_status":"closed","ping_status":"closed","sticky":false,"template":"","format":"standard","meta":{"footnotes":""},"categories":[477,476],"tags":[],"class_list":["post-33693","post","type-post","status-publish","format-standard","has-post-thumbnail","","category-noticias-edulcorantes","category-locales"],"_links":{"self":[{"href":"https:\/\/archive.sana.sy\/es\/index.php?rest_route=\/wp\/v2\/posts\/33693"}],"collection":[{"href":"https:\/\/archive.sana.sy\/es\/index.php?rest_route=\/wp\/v2\/posts"}],"about":[{"href":"https:\/\/archive.sana.sy\/es\/index.php?rest_route=\/wp\/v2\/types\/post"}],"author":[{"embeddable":true,"href":"https:\/\/archive.sana.sy\/es\/index.php?rest_route=\/wp\/v2\/users\/24"}],"replies":[{"embeddable":true,"href":"https:\/\/archive.sana.sy\/es\/index.php?rest_route=%2Fwp%2Fv2%2Fcomments&post=33693"}],"version-history":[{"count":0,"href":"https:\/\/archive.sana.sy\/es\/index.php?rest_route=\/wp\/v2\/posts\/33693\/revisions"}],"wp:featuredmedia":[{"embeddable":true,"href":"https:\/\/archive.sana.sy\/es\/index.php?rest_route=\/wp\/v2\/media\/33694"}],"wp:attachment":[{"href":"https:\/\/archive.sana.sy\/es\/index.php?rest_route=%2Fwp%2Fv2%2Fmedia&parent=33693"}],"wp:term":[{"taxonomy":"category","embeddable":true,"href":"https:\/\/archive.sana.sy\/es\/index.php?rest_route=%2Fwp%2Fv2%2Fcategories&post=33693"},{"taxonomy":"post_tag","embeddable":true,"href":"https:\/\/archive.sana.sy\/es\/index.php?rest_route=%2Fwp%2Fv2%2Ftags&post=33693"}],"curies":[{"name":"wp","href":"https:\/\/api.w.org\/{rel}","templated":true}]}}