{"id":336936,"date":"2024-08-29T14:53:32","date_gmt":"2024-08-29T11:53:32","guid":{"rendered":"https:\/\/sana.sy\/es\/?p=336936"},"modified":"2024-08-29T14:53:32","modified_gmt":"2024-08-29T11:53:32","slug":"la-resistencia-libanesa-ataca-con-drones-el-cuartel-general-de-una-division-del-ejercito-israeli","status":"publish","type":"post","link":"https:\/\/archive.sana.sy\/es\/?p=336936","title":{"rendered":"La resistencia libanesa ataca con drones el cuartel general de una divisi\u00f3n del ej\u00e9rcito israel\u00ed"},"content":{"rendered":"<p style=\"text-align: justify;\"><span style=\"color: #800000;\"><strong>Beirut, 29 ago (SANA)<\/strong> <\/span>La resistencia libanesa (Hezbol\u00e1) atac\u00f3 hoy con drones de asalto el cuartel general de la 210 Divisi\u00f3n del Gol\u00e1n del ej\u00e9rcito de ocupaci\u00f3n israel\u00ed.<\/p>\n<p style=\"text-align: justify;\">Por medio de un comunicado, la resistencia explic\u00f3 que el ataque se llev\u00f3 en apoyo a los palestinos en la Franja de Gaza y su valiente y honorable resistencia, y en respuesta a los ataques y asesinatos en las regiones de Bekaa y Masnaa.<\/p>\n<p style=\"text-align: justify;\">Los drones impactaron con precisi\u00f3n en las concentraciones de los oficiales y soldados, indic\u00f3 el Movimiento.<\/p>\n<p style=\"text-align: justify;\">Por otro lado, la aviaci\u00f3n b\u00e9lica israel\u00ed lanz\u00f3 cuatro ataques contra la ciudad de Kafr Kila, causando enormes da\u00f1os materiales, y un ataque contra Jabal Al-Rayhan en el sur del L\u00edbano. Tambi\u00e9n, hubo ataques con artiller\u00eda en las afueras de Kafr Shuba y Al-Wazzani.<\/p>\n<p>fm\/ed<\/p>\n","protected":false},"excerpt":{"rendered":"<p>Beirut, 29 ago (SANA) La resistencia libanesa (Hezbol\u00e1) atac\u00f3 hoy con drones de asalto el cuartel general de la 210 Divisi\u00f3n del Gol\u00e1n del ej\u00e9rcito de ocupaci\u00f3n israel\u00ed. Por medio de un comunicado, la resistencia explic\u00f3 que el ataque se llev\u00f3 en apoyo a los palestinos en la Franja de Gaza y su valiente y &hellip;<\/p>\n","protected":false},"author":32,"featured_media":336937,"comment_status":"closed","ping_status":"closed","sticky":false,"template":"","format":"standard","meta":{"footnotes":""},"categories":[597,456,20724,7541],"tags":[],"class_list":["post-336936","post","type-post","status-publish","format-standard","has-post-thumbnail","","category-cinta-de-noticias","category-arabe-internacional-politica","category-minuto-a-minuto","category-ultimas-noticias"],"_links":{"self":[{"href":"https:\/\/archive.sana.sy\/es\/index.php?rest_route=\/wp\/v2\/posts\/336936"}],"collection":[{"href":"https:\/\/archive.sana.sy\/es\/index.php?rest_route=\/wp\/v2\/posts"}],"about":[{"href":"https:\/\/archive.sana.sy\/es\/index.php?rest_route=\/wp\/v2\/types\/post"}],"author":[{"embeddable":true,"href":"https:\/\/archive.sana.sy\/es\/index.php?rest_route=\/wp\/v2\/users\/32"}],"replies":[{"embeddable":true,"href":"https:\/\/archive.sana.sy\/es\/index.php?rest_route=%2Fwp%2Fv2%2Fcomments&post=336936"}],"version-history":[{"count":1,"href":"https:\/\/archive.sana.sy\/es\/index.php?rest_route=\/wp\/v2\/posts\/336936\/revisions"}],"predecessor-version":[{"id":336938,"href":"https:\/\/archive.sana.sy\/es\/index.php?rest_route=\/wp\/v2\/posts\/336936\/revisions\/336938"}],"wp:featuredmedia":[{"embeddable":true,"href":"https:\/\/archive.sana.sy\/es\/index.php?rest_route=\/wp\/v2\/media\/336937"}],"wp:attachment":[{"href":"https:\/\/archive.sana.sy\/es\/index.php?rest_route=%2Fwp%2Fv2%2Fmedia&parent=336936"}],"wp:term":[{"taxonomy":"category","embeddable":true,"href":"https:\/\/archive.sana.sy\/es\/index.php?rest_route=%2Fwp%2Fv2%2Fcategories&post=336936"},{"taxonomy":"post_tag","embeddable":true,"href":"https:\/\/archive.sana.sy\/es\/index.php?rest_route=%2Fwp%2Fv2%2Ftags&post=336936"}],"curies":[{"name":"wp","href":"https:\/\/api.w.org\/{rel}","templated":true}]}}