{"id":336977,"date":"2024-08-30T11:04:46","date_gmt":"2024-08-30T08:04:46","guid":{"rendered":"https:\/\/sana.sy\/es\/?p=336977"},"modified":"2024-08-30T11:04:46","modified_gmt":"2024-08-30T08:04:46","slug":"israel-asesino-a-cinco-palestinos-en-nuevos-ataques-contra-gaza","status":"publish","type":"post","link":"https:\/\/archive.sana.sy\/es\/?p=336977","title":{"rendered":"\u201cIsrael\u201d asesin\u00f3 a cinco palestinos en nuevos ataques contra Gaza"},"content":{"rendered":"<p style=\"text-align: justify;\"><span style=\"color: #800000;\"><strong>Jerusal\u00e9n ocupada, 30 ago (SANA)<\/strong> <\/span>Cinco palestinos murieron y otros resultaron heridos este viernes debido a bombardeos de las fuerzas de ocupaci\u00f3n israel\u00edes contra varias zonas de la Franja de Gaza, en el d\u00eda 329 de la agresi\u00f3n.<\/p>\n<p style=\"text-align: justify;\">Medios palestinos informaron que la aviaci\u00f3n israel\u00ed bombarde\u00f3 una casa en la localidad de Abasan al-Kabira, en la ciudad de Khan Yunis, al sur de Gaza, lo que provoc\u00f3 la muerte de tres palestinos y dej\u00f3 varios heridos.<\/p>\n<p style=\"text-align: justify;\">Otros dos palestinos, uno de ellos un ni\u00f1o, murieron en un ataque a\u00e9reo israel\u00ed que alcanz\u00f3 una vivienda cerca del cruce de Al-Hawaja en el campamento de refugiados de Jabalia, al norte de la Franja de Gaza.<\/p>\n<p style=\"text-align: justify;\">Las fuerzas de ocupaci\u00f3n contin\u00faan su agresi\u00f3n terrestre, mar\u00edtima y a\u00e9rea contra Gaza desde el 7 de octubre del a\u00f1o pasado, lo que result\u00f3 en la muerte de 40 mil 602 palestinos y heridas otros 93 mil 855, mientras miles de v\u00edctimas permanecen bajo los escombros y en las calles, sin que los equipos de rescate puedan acceder a ellos.<\/p>\n<p style=\"text-align: justify;\"><em><strong>ah<\/strong><\/em><\/p>\n","protected":false},"excerpt":{"rendered":"<p>Jerusal\u00e9n ocupada, 30 ago (SANA) Cinco palestinos murieron y otros resultaron heridos este viernes debido a bombardeos de las fuerzas de ocupaci\u00f3n israel\u00edes contra varias zonas de la Franja de Gaza, en el d\u00eda 329 de la agresi\u00f3n. Medios palestinos informaron que la aviaci\u00f3n israel\u00ed bombarde\u00f3 una casa en la localidad de Abasan al-Kabira, en &hellip;<\/p>\n","protected":false},"author":30,"featured_media":336978,"comment_status":"closed","ping_status":"closed","sticky":false,"template":"","format":"standard","meta":{"footnotes":""},"categories":[597,456,20724,583],"tags":[],"class_list":["post-336977","post","type-post","status-publish","format-standard","has-post-thumbnail","","category-cinta-de-noticias","category-arabe-internacional-politica","category-minuto-a-minuto","category-slide"],"_links":{"self":[{"href":"https:\/\/archive.sana.sy\/es\/index.php?rest_route=\/wp\/v2\/posts\/336977"}],"collection":[{"href":"https:\/\/archive.sana.sy\/es\/index.php?rest_route=\/wp\/v2\/posts"}],"about":[{"href":"https:\/\/archive.sana.sy\/es\/index.php?rest_route=\/wp\/v2\/types\/post"}],"author":[{"embeddable":true,"href":"https:\/\/archive.sana.sy\/es\/index.php?rest_route=\/wp\/v2\/users\/30"}],"replies":[{"embeddable":true,"href":"https:\/\/archive.sana.sy\/es\/index.php?rest_route=%2Fwp%2Fv2%2Fcomments&post=336977"}],"version-history":[{"count":1,"href":"https:\/\/archive.sana.sy\/es\/index.php?rest_route=\/wp\/v2\/posts\/336977\/revisions"}],"predecessor-version":[{"id":336979,"href":"https:\/\/archive.sana.sy\/es\/index.php?rest_route=\/wp\/v2\/posts\/336977\/revisions\/336979"}],"wp:featuredmedia":[{"embeddable":true,"href":"https:\/\/archive.sana.sy\/es\/index.php?rest_route=\/wp\/v2\/media\/336978"}],"wp:attachment":[{"href":"https:\/\/archive.sana.sy\/es\/index.php?rest_route=%2Fwp%2Fv2%2Fmedia&parent=336977"}],"wp:term":[{"taxonomy":"category","embeddable":true,"href":"https:\/\/archive.sana.sy\/es\/index.php?rest_route=%2Fwp%2Fv2%2Fcategories&post=336977"},{"taxonomy":"post_tag","embeddable":true,"href":"https:\/\/archive.sana.sy\/es\/index.php?rest_route=%2Fwp%2Fv2%2Ftags&post=336977"}],"curies":[{"name":"wp","href":"https:\/\/api.w.org\/{rel}","templated":true}]}}