{"id":336995,"date":"2024-08-30T15:43:15","date_gmt":"2024-08-30T12:43:15","guid":{"rendered":"https:\/\/sana.sy\/es\/?p=336995"},"modified":"2024-08-30T15:43:15","modified_gmt":"2024-08-30T12:43:15","slug":"ejercito-iraqui-liquida-a-14-terroristas-de-daesh-y-arresta-a-otros-cuatro","status":"publish","type":"post","link":"https:\/\/archive.sana.sy\/es\/?p=336995","title":{"rendered":"Ej\u00e9rcito iraqu\u00ed liquida a 14 terroristas de &#8220;Daesh&#8221; y arresta a otros cuatro"},"content":{"rendered":"<p style=\"text-align: justify;\"><span style=\"color: #800000;\"><strong>Bagdad, 30 ago (SANA)\u00a0<\/strong> <\/span>Las fuerzas iraqu\u00edes eliminaron a 14 terroristas de \u201cDaesh\u201d, incluidos unos cabecillas, en la gobernaci\u00f3n de Anbar, al oeste del pa\u00eds.<\/p>\n<p style=\"text-align: justify;\">El Mando de Operaciones Conjuntas afirm\u00f3 hoy en un comunicado que, tras obtener informaci\u00f3n que indica la existencia de escondites del \u201cDaesh\u201d en el desierto de Anbar, concretamente en la zona de Al-Huzaimi, al este de Wadi Al-Ghadaf, lanz\u00f3 varios ataques contra estos escondites y dieron como resultado la eliminaci\u00f3n de 14 terroristas, algunos de los cuales portaban cinturones explosivos y granadas manuales.<\/p>\n<p style=\"text-align: justify;\"><img loading=\"lazy\" decoding=\"async\" class=\"size-medium wp-image-336997 alignright\" src=\"http:\/\/sana.sy\/es\/wp-content\/uploads\/2024\/08\/Ejercito-iraqui-liquida-a-14-terroristas-de-Daesh-y-arresta-a-otros-cuatro-300x150.jpeg\" alt=\"\" width=\"300\" height=\"150\" srcset=\"https:\/\/archive.sana.sy\/es\/wp-content\/uploads\/2024\/08\/Ejercito-iraqui-liquida-a-14-terroristas-de-Daesh-y-arresta-a-otros-cuatro-300x150.jpeg 300w, https:\/\/archive.sana.sy\/es\/wp-content\/uploads\/2024\/08\/Ejercito-iraqui-liquida-a-14-terroristas-de-Daesh-y-arresta-a-otros-cuatro-150x75.jpeg 150w, https:\/\/archive.sana.sy\/es\/wp-content\/uploads\/2024\/08\/Ejercito-iraqui-liquida-a-14-terroristas-de-Daesh-y-arresta-a-otros-cuatro.jpeg 660w\" sizes=\"(max-width: 300px) 100vw, 300px\" \/><\/p>\n<p style=\"text-align: justify;\">Seg\u00fan el comunicado, todos los escondites y sus armas, equipos y asistencias log\u00edstica fueron destruidos, y se detonaron varios cinturones explosivos, adem\u00e1s de obtener algunos documentos importantes y dispositivos de comunicaci\u00f3n.<\/p>\n<p style=\"text-align: justify;\">Asimismo, el ej\u00e9rcito iraqu\u00ed arrest\u00f3 a cuatro terroristas del mismo grupo extremista en gobernaci\u00f3n de Salah al-Din, en el centro del pa\u00eds.<\/p>\n<p style=\"text-align: justify;\">sm<\/p>\n","protected":false},"excerpt":{"rendered":"<p>Bagdad, 30 ago (SANA)\u00a0 Las fuerzas iraqu\u00edes eliminaron a 14 terroristas de \u201cDaesh\u201d, incluidos unos cabecillas, en la gobernaci\u00f3n de Anbar, al oeste del pa\u00eds. El Mando de Operaciones Conjuntas afirm\u00f3 hoy en un comunicado que, tras obtener informaci\u00f3n que indica la existencia de escondites del \u201cDaesh\u201d en el desierto de Anbar, concretamente en la &hellip;<\/p>\n","protected":false},"author":39,"featured_media":336996,"comment_status":"closed","ping_status":"closed","sticky":false,"template":"","format":"standard","meta":{"footnotes":""},"categories":[597,456,16687,20724,7541],"tags":[],"class_list":["post-336995","post","type-post","status-publish","format-standard","has-post-thumbnail","","category-cinta-de-noticias","category-arabe-internacional-politica","category-internacionales","category-minuto-a-minuto","category-ultimas-noticias"],"_links":{"self":[{"href":"https:\/\/archive.sana.sy\/es\/index.php?rest_route=\/wp\/v2\/posts\/336995"}],"collection":[{"href":"https:\/\/archive.sana.sy\/es\/index.php?rest_route=\/wp\/v2\/posts"}],"about":[{"href":"https:\/\/archive.sana.sy\/es\/index.php?rest_route=\/wp\/v2\/types\/post"}],"author":[{"embeddable":true,"href":"https:\/\/archive.sana.sy\/es\/index.php?rest_route=\/wp\/v2\/users\/39"}],"replies":[{"embeddable":true,"href":"https:\/\/archive.sana.sy\/es\/index.php?rest_route=%2Fwp%2Fv2%2Fcomments&post=336995"}],"version-history":[{"count":1,"href":"https:\/\/archive.sana.sy\/es\/index.php?rest_route=\/wp\/v2\/posts\/336995\/revisions"}],"predecessor-version":[{"id":336998,"href":"https:\/\/archive.sana.sy\/es\/index.php?rest_route=\/wp\/v2\/posts\/336995\/revisions\/336998"}],"wp:featuredmedia":[{"embeddable":true,"href":"https:\/\/archive.sana.sy\/es\/index.php?rest_route=\/wp\/v2\/media\/336996"}],"wp:attachment":[{"href":"https:\/\/archive.sana.sy\/es\/index.php?rest_route=%2Fwp%2Fv2%2Fmedia&parent=336995"}],"wp:term":[{"taxonomy":"category","embeddable":true,"href":"https:\/\/archive.sana.sy\/es\/index.php?rest_route=%2Fwp%2Fv2%2Fcategories&post=336995"},{"taxonomy":"post_tag","embeddable":true,"href":"https:\/\/archive.sana.sy\/es\/index.php?rest_route=%2Fwp%2Fv2%2Ftags&post=336995"}],"curies":[{"name":"wp","href":"https:\/\/api.w.org\/{rel}","templated":true}]}}