{"id":337043,"date":"2024-08-31T12:09:58","date_gmt":"2024-08-31T09:09:58","guid":{"rendered":"https:\/\/sana.sy\/es\/?p=337043"},"modified":"2024-08-31T12:09:58","modified_gmt":"2024-08-31T09:09:58","slug":"periodista-britanica-cruza-ilegalmente-a-rusia-desde-ucrania-para-grabar-en-kursk","status":"publish","type":"post","link":"https:\/\/archive.sana.sy\/es\/?p=337043","title":{"rendered":"Periodista brit\u00e1nica cruza ilegalmente a Rusia desde Ucrania para grabar en Kursk"},"content":{"rendered":"<blockquote><p><strong><span style=\"color: #ff6600;\">La reportera no estaba sola durante este &#8220;viaje de The Time&#8221; a Kursk, sino que estuvo acompa\u00f1ada por los militares ucranianos y el fot\u00f3grafo Ian Whittaker, quien capt\u00f3 momentos de la vida de los habitantes locales.<\/span><\/strong><\/p><\/blockquote>\n<p style=\"text-align: justify;\"><span style=\"color: #800000;\"><strong>Londres, 31 ago (SANA)<\/strong> <\/span>La reportera brit\u00e1nica Catherine Philp, del peri\u00f3dico The Times, lleg\u00f3 a la regi\u00f3n rusa de Kursk a trav\u00e9s de Ucrania sin contar con el permiso de las autoridades de Rusia, difundi\u00f3 el sitio web de RT.<\/p>\n<p style=\"text-align: justify;\">Tras visitar la ciudad de Sudzha y uno de sus pueblos cercanos, Philp public\u00f3 unos art\u00edculos describiendo la vida cotidiana de la poblaci\u00f3n local.<\/p>\n<p style=\"text-align: justify;\">La reportera no estaba sola durante este &#8220;viaje de The Time&#8221; a Kursk, sino que estuvo acompa\u00f1ada por los militares ucranianos y el fot\u00f3grafo Ian Whittaker, quien capt\u00f3 momentos de la vida de los habitantes locales.<\/p>\n<p style=\"text-align: justify;\">La portavoz del Ministerio de Asuntos Exteriores de Rusia, Mar\u00eda Zaj\u00e1rova, declar\u00f3 que &#8220;todos estos incidentes se est\u00e1n registrando cuidadosamente y se tomar\u00e1n las medidas adecuadas contra los infractores&#8221;.<\/p>\n<p style=\"text-align: justify;\"><em><strong>fm\/ah<\/strong><\/em><\/p>\n","protected":false},"excerpt":{"rendered":"<p>La reportera no estaba sola durante este &#8220;viaje de The Time&#8221; a Kursk, sino que estuvo acompa\u00f1ada por los militares ucranianos y el fot\u00f3grafo Ian Whittaker, quien capt\u00f3 momentos de la vida de los habitantes locales. Londres, 31 ago (SANA) La reportera brit\u00e1nica Catherine Philp, del peri\u00f3dico The Times, lleg\u00f3 a la regi\u00f3n rusa de &hellip;<\/p>\n","protected":false},"author":30,"featured_media":337044,"comment_status":"closed","ping_status":"closed","sticky":false,"template":"","format":"standard","meta":{"footnotes":""},"categories":[597,456,20724,7541],"tags":[],"class_list":["post-337043","post","type-post","status-publish","format-standard","has-post-thumbnail","","category-cinta-de-noticias","category-arabe-internacional-politica","category-minuto-a-minuto","category-ultimas-noticias"],"_links":{"self":[{"href":"https:\/\/archive.sana.sy\/es\/index.php?rest_route=\/wp\/v2\/posts\/337043"}],"collection":[{"href":"https:\/\/archive.sana.sy\/es\/index.php?rest_route=\/wp\/v2\/posts"}],"about":[{"href":"https:\/\/archive.sana.sy\/es\/index.php?rest_route=\/wp\/v2\/types\/post"}],"author":[{"embeddable":true,"href":"https:\/\/archive.sana.sy\/es\/index.php?rest_route=\/wp\/v2\/users\/30"}],"replies":[{"embeddable":true,"href":"https:\/\/archive.sana.sy\/es\/index.php?rest_route=%2Fwp%2Fv2%2Fcomments&post=337043"}],"version-history":[{"count":1,"href":"https:\/\/archive.sana.sy\/es\/index.php?rest_route=\/wp\/v2\/posts\/337043\/revisions"}],"predecessor-version":[{"id":337045,"href":"https:\/\/archive.sana.sy\/es\/index.php?rest_route=\/wp\/v2\/posts\/337043\/revisions\/337045"}],"wp:featuredmedia":[{"embeddable":true,"href":"https:\/\/archive.sana.sy\/es\/index.php?rest_route=\/wp\/v2\/media\/337044"}],"wp:attachment":[{"href":"https:\/\/archive.sana.sy\/es\/index.php?rest_route=%2Fwp%2Fv2%2Fmedia&parent=337043"}],"wp:term":[{"taxonomy":"category","embeddable":true,"href":"https:\/\/archive.sana.sy\/es\/index.php?rest_route=%2Fwp%2Fv2%2Fcategories&post=337043"},{"taxonomy":"post_tag","embeddable":true,"href":"https:\/\/archive.sana.sy\/es\/index.php?rest_route=%2Fwp%2Fv2%2Ftags&post=337043"}],"curies":[{"name":"wp","href":"https:\/\/api.w.org\/{rel}","templated":true}]}}