{"id":337061,"date":"2024-08-31T15:36:55","date_gmt":"2024-08-31T12:36:55","guid":{"rendered":"https:\/\/sana.sy\/es\/?p=337061"},"modified":"2024-08-31T17:34:59","modified_gmt":"2024-08-31T14:34:59","slug":"siria-condena-escalada-israeli-contra-los-palestinos-en-cisjordania-y-jerusalen","status":"publish","type":"post","link":"https:\/\/archive.sana.sy\/es\/?p=337061","title":{"rendered":"Siria condena escalada israel\u00ed contra los palestinos en Cisjordania y Jerusal\u00e9n"},"content":{"rendered":"<p style=\"text-align: justify;\"><span style=\"color: #800000;\"><strong>Damasco, 31 ago (SANA)<\/strong><\/span> El Ministerio de Asuntos Exteriores y Expatriados de Siria conden\u00f3 hoy la escalada israel\u00ed contra los palestinos en Cisjordania y Jerusal\u00e9n, y denunci\u00f3 el apoyo que recibe \u201cIsrael\u201d de Estados Unidos y otros pa\u00edses occidentales.<\/p>\n<p style=\"text-align: justify;\">\u201cDurante los \u00faltimos d\u00edas, hemos sido testigos de una peligrosa escalada de las masacres cometidas por el ej\u00e9rcito israel\u00ed contra los palestinos en la Ribera Occidental y Jerusal\u00e9n ocupada\u201d, afirm\u00f3 la Canciller\u00eda por medio de una declaraci\u00f3n emitida hoy.<\/p>\n<p style=\"text-align: justify;\">Denunci\u00f3 los cr\u00edmenes de genocidio cometidos en Jenin y su campamento, y consider\u00f3 que tales actos atroces se perpetran con todo odio e incluyen la destrucci\u00f3n de hogares en la Franja de Gaza.<\/p>\n<p style=\"text-align: justify;\">\u201cDamasco afirma que la escalada de las masacres de Tel Aviv en Cisjordania comprueba sus intenciones de liquidar a los palestinos, ya sea en Cisjordania o en la Franja de Gaza, en cumplimiento de sus falsas ilusiones hist\u00f3ricas\u201d, precis\u00f3 el texto de la nota.<\/p>\n<p style=\"text-align: justify;\">Asimismo, consider\u00f3 que el apoyo que recibe \u201cIsrael\u201d de Estados Unidos y otros pa\u00edses occidentales demuestra que las alegaciones israel\u00edes de no ampliar las operaciones militares y de detener las pol\u00edticas de exterminio son meras palabras sin sentido.<\/p>\n<p style=\"text-align: justify;\">\u201cEstas pol\u00edticas occidentales y estadounidenses en apoyo a la entidad israel\u00ed no est\u00e1n dirigidas s\u00f3lo contra el pueblo palestino, sino que son pol\u00edticas seguidas en cualquier parte del mundo que no aplica pol\u00edticas que responsan a los intereses de Occidente\u201d, puntualiz\u00f3.<\/p>\n<p style=\"text-align: justify;\">Conden\u00f3 en\u00e9rgicamente estas pol\u00edticas occidentales y los ataques y cr\u00edmenes de genocidio llevados a cabo por la entidad racista y sionista con el apoyo estadounidense, y exigi\u00f3 que se detengan de inmediato estas pol\u00edticas porque constituyen una clara introducci\u00f3n al nuevo mundo que Occidente los pa\u00edses est\u00e1n tratando de crear.<\/p>\n<p style=\"text-align: justify;\">\u201cHacemos un llamado a los pa\u00edses del mundo que creen en la soberan\u00eda de los estados y sus derechos leg\u00edtimos a hacer frente a estas pol\u00edticas y ataques que amenazan a todas partes del mundo en los niveles pol\u00edtico, legal y econ\u00f3mico\u201d, concluy\u00f3 la Canciller\u00eda su nota.<\/p>\n<p>sm\/fm<\/p>\n","protected":false},"excerpt":{"rendered":"<p>Damasco, 31 ago (SANA) El Ministerio de Asuntos Exteriores y Expatriados de Siria conden\u00f3 hoy la escalada israel\u00ed contra los palestinos en Cisjordania y Jerusal\u00e9n, y denunci\u00f3 el apoyo que recibe \u201cIsrael\u201d de Estados Unidos y otros pa\u00edses occidentales. \u201cDurante los \u00faltimos d\u00edas, hemos sido testigos de una peligrosa escalada de las masacres cometidas por &hellip;<\/p>\n","protected":false},"author":39,"featured_media":337062,"comment_status":"closed","ping_status":"closed","sticky":false,"template":"","format":"standard","meta":{"footnotes":""},"categories":[477,447,597,20724,467,583],"tags":[],"class_list":["post-337061","post","type-post","status-publish","format-standard","has-post-thumbnail","","category-noticias-edulcorantes","category-local-politica","category-cinta-de-noticias","category-minuto-a-minuto","category-siria-y-el-mundo","category-slide"],"_links":{"self":[{"href":"https:\/\/archive.sana.sy\/es\/index.php?rest_route=\/wp\/v2\/posts\/337061"}],"collection":[{"href":"https:\/\/archive.sana.sy\/es\/index.php?rest_route=\/wp\/v2\/posts"}],"about":[{"href":"https:\/\/archive.sana.sy\/es\/index.php?rest_route=\/wp\/v2\/types\/post"}],"author":[{"embeddable":true,"href":"https:\/\/archive.sana.sy\/es\/index.php?rest_route=\/wp\/v2\/users\/39"}],"replies":[{"embeddable":true,"href":"https:\/\/archive.sana.sy\/es\/index.php?rest_route=%2Fwp%2Fv2%2Fcomments&post=337061"}],"version-history":[{"count":4,"href":"https:\/\/archive.sana.sy\/es\/index.php?rest_route=\/wp\/v2\/posts\/337061\/revisions"}],"predecessor-version":[{"id":337090,"href":"https:\/\/archive.sana.sy\/es\/index.php?rest_route=\/wp\/v2\/posts\/337061\/revisions\/337090"}],"wp:featuredmedia":[{"embeddable":true,"href":"https:\/\/archive.sana.sy\/es\/index.php?rest_route=\/wp\/v2\/media\/337062"}],"wp:attachment":[{"href":"https:\/\/archive.sana.sy\/es\/index.php?rest_route=%2Fwp%2Fv2%2Fmedia&parent=337061"}],"wp:term":[{"taxonomy":"category","embeddable":true,"href":"https:\/\/archive.sana.sy\/es\/index.php?rest_route=%2Fwp%2Fv2%2Fcategories&post=337061"},{"taxonomy":"post_tag","embeddable":true,"href":"https:\/\/archive.sana.sy\/es\/index.php?rest_route=%2Fwp%2Fv2%2Ftags&post=337061"}],"curies":[{"name":"wp","href":"https:\/\/api.w.org\/{rel}","templated":true}]}}