{"id":33707,"date":"2015-11-17T19:53:11","date_gmt":"2015-11-17T17:53:11","guid":{"rendered":"http:\/\/sana.sy\/es\/?p=33707"},"modified":"2015-11-17T19:53:11","modified_gmt":"2015-11-17T17:53:11","slug":"putin-y-hollande-destacan-la-necesidad-de-la-cooperacion-para-luchar-contra-el-terrorismo","status":"publish","type":"post","link":"https:\/\/archive.sana.sy\/es\/?p=33707","title":{"rendered":"Putin y Hollande destacan la necesidad de la cooperaci\u00f3n para luchar contra el terrorismo"},"content":{"rendered":"<p style=\"text-align: justify\"><span style=\"color: #800000\">Mosc\u00fa, SANA<\/span>&#8211; El presidente ruso, Vlad\u00edmir Putin, y su hom\u00f3logo franc\u00e9s, Fran\u00e7ois Hollande, han acordado garantizar la coordinaci\u00f3n entre los departamentos militares y las agencias de inteligencia de los dos pa\u00edses contra el movimiento yihadista del Estado Isl\u00e1mico, seg\u00fan el Kremlin.<\/p>\n<p style=\"text-align: justify\">Adem\u00e1s, ambos mandatarios han discutido el fortalecimiento y la cooperaci\u00f3n multilateral para combatir al terrorismo internacional.<\/p>\n<p style=\"text-align: justify\">Putin ha declarado este martes que Rusia debe cooperar con el grupo de militares franceses &#8220;en calidad de aliados&#8221;, en la lucha contra el Estado Isl\u00e1mico. &#8220;Tenemos que desarrollar un plan de acci\u00f3n conjunta tanto por mar como por aire&#8221;, subray\u00f3 el jefe del Estado ruso.<\/p>\n<p style=\"text-align: justify\">El presidente franc\u00e9s Fran\u00e7ois Hollande visitar\u00e1 la capital rusa el pr\u00f3ximo 26 de noviembre.<\/p>\n<p>M.Miri<\/p>\n","protected":false},"excerpt":{"rendered":"<p>Mosc\u00fa, SANA&#8211; El presidente ruso, Vlad\u00edmir Putin, y su hom\u00f3logo franc\u00e9s, Fran\u00e7ois Hollande, han acordado garantizar la coordinaci\u00f3n entre los departamentos militares y las agencias de inteligencia de los dos pa\u00edses contra el movimiento yihadista del Estado Isl\u00e1mico, seg\u00fan el Kremlin. Adem\u00e1s, ambos mandatarios han discutido el fortalecimiento y la cooperaci\u00f3n multilateral para combatir al &hellip;<\/p>\n","protected":false},"author":1,"featured_media":33708,"comment_status":"closed","ping_status":"closed","sticky":false,"template":"","format":"standard","meta":{"footnotes":""},"categories":[456,457,576],"tags":[7408],"class_list":["post-33707","post","type-post","status-publish","format-standard","has-post-thumbnail","","category-arabe-internacional-politica","category-noticias-arabe-internacional-politica","category-noticias-politicas","tag-putin-y-hollande-destacan-la-necesidad-de-la-cooperacion-para-luchar-contra-el-terrorismo"],"_links":{"self":[{"href":"https:\/\/archive.sana.sy\/es\/index.php?rest_route=\/wp\/v2\/posts\/33707"}],"collection":[{"href":"https:\/\/archive.sana.sy\/es\/index.php?rest_route=\/wp\/v2\/posts"}],"about":[{"href":"https:\/\/archive.sana.sy\/es\/index.php?rest_route=\/wp\/v2\/types\/post"}],"author":[{"embeddable":true,"href":"https:\/\/archive.sana.sy\/es\/index.php?rest_route=\/wp\/v2\/users\/1"}],"replies":[{"embeddable":true,"href":"https:\/\/archive.sana.sy\/es\/index.php?rest_route=%2Fwp%2Fv2%2Fcomments&post=33707"}],"version-history":[{"count":0,"href":"https:\/\/archive.sana.sy\/es\/index.php?rest_route=\/wp\/v2\/posts\/33707\/revisions"}],"wp:featuredmedia":[{"embeddable":true,"href":"https:\/\/archive.sana.sy\/es\/index.php?rest_route=\/wp\/v2\/media\/33708"}],"wp:attachment":[{"href":"https:\/\/archive.sana.sy\/es\/index.php?rest_route=%2Fwp%2Fv2%2Fmedia&parent=33707"}],"wp:term":[{"taxonomy":"category","embeddable":true,"href":"https:\/\/archive.sana.sy\/es\/index.php?rest_route=%2Fwp%2Fv2%2Fcategories&post=33707"},{"taxonomy":"post_tag","embeddable":true,"href":"https:\/\/archive.sana.sy\/es\/index.php?rest_route=%2Fwp%2Fv2%2Ftags&post=33707"}],"curies":[{"name":"wp","href":"https:\/\/api.w.org\/{rel}","templated":true}]}}