{"id":337083,"date":"2024-08-31T17:26:46","date_gmt":"2024-08-31T14:26:46","guid":{"rendered":"https:\/\/sana.sy\/es\/?p=337083"},"modified":"2024-08-31T17:27:38","modified_gmt":"2024-08-31T14:27:38","slug":"lavrov-ucrania-es-incompetente-para-negociar-y-occidente-necesita-a-kiev-para-desestabilizar-a-rusia","status":"publish","type":"post","link":"https:\/\/archive.sana.sy\/es\/?p=337083","title":{"rendered":"Lavrov: Kiev es incompetente para negociar y Occidente necesita a Ucrania para desestabilizar a Rusia"},"content":{"rendered":"<p style=\"text-align: justify;\"><span style=\"color: #800000;\"><strong>Mosc\u00fa, 31 ago (SANA)\u00a0<\/strong> <\/span>El ministro de Asuntos Exteriores de Rusia, Sergu\u00e9i Lavrov, confirm\u00f3 que el r\u00e9gimen de Kiev no est\u00e1 capacitado para negociar y alcanzar una soluci\u00f3n con Rusia.<\/p>\n<p style=\"text-align: justify;\">\u201cSi Kiev no se hubiera sometido a las instrucciones del exprimer ministro brit\u00e1nico Boris Johnson y hubiera implementado lo que se adopt\u00f3 en las negociaciones en Estambul hace unos dos a\u00f1os, Ucrania ahora habr\u00eda controlado las fronteras que exist\u00edan en 1991, con excepci\u00f3n de Crimea y la mayor parte del Donb\u00e1s\u201d, dijo el Canciller ruso en una entrevista con el canal Russia Today.<\/p>\n<p style=\"text-align: justify;\">El jefe de la diplomacia rusa agreg\u00f3 que el r\u00e9gimen ucraniano siempre demuestra que no est\u00e1 calificado para negociar,\u00a0 y Occidente demuestra que necesita a Ucrania para desestabilizar a Rusia y luchar contra ella, y por esta raz\u00f3n, Occidente no quiere ning\u00fan acuerdo.<\/p>\n<p style=\"text-align: justify;\">sm<\/p>\n","protected":false},"excerpt":{"rendered":"<p>Mosc\u00fa, 31 ago (SANA)\u00a0 El ministro de Asuntos Exteriores de Rusia, Sergu\u00e9i Lavrov, confirm\u00f3 que el r\u00e9gimen de Kiev no est\u00e1 capacitado para negociar y alcanzar una soluci\u00f3n con Rusia. \u201cSi Kiev no se hubiera sometido a las instrucciones del exprimer ministro brit\u00e1nico Boris Johnson y hubiera implementado lo que se adopt\u00f3 en las negociaciones &hellip;<\/p>\n","protected":false},"author":39,"featured_media":337084,"comment_status":"closed","ping_status":"closed","sticky":false,"template":"","format":"standard","meta":{"footnotes":""},"categories":[597,456,16687,20724,7541],"tags":[],"class_list":["post-337083","post","type-post","status-publish","format-standard","has-post-thumbnail","","category-cinta-de-noticias","category-arabe-internacional-politica","category-internacionales","category-minuto-a-minuto","category-ultimas-noticias"],"_links":{"self":[{"href":"https:\/\/archive.sana.sy\/es\/index.php?rest_route=\/wp\/v2\/posts\/337083"}],"collection":[{"href":"https:\/\/archive.sana.sy\/es\/index.php?rest_route=\/wp\/v2\/posts"}],"about":[{"href":"https:\/\/archive.sana.sy\/es\/index.php?rest_route=\/wp\/v2\/types\/post"}],"author":[{"embeddable":true,"href":"https:\/\/archive.sana.sy\/es\/index.php?rest_route=\/wp\/v2\/users\/39"}],"replies":[{"embeddable":true,"href":"https:\/\/archive.sana.sy\/es\/index.php?rest_route=%2Fwp%2Fv2%2Fcomments&post=337083"}],"version-history":[{"count":2,"href":"https:\/\/archive.sana.sy\/es\/index.php?rest_route=\/wp\/v2\/posts\/337083\/revisions"}],"predecessor-version":[{"id":337086,"href":"https:\/\/archive.sana.sy\/es\/index.php?rest_route=\/wp\/v2\/posts\/337083\/revisions\/337086"}],"wp:featuredmedia":[{"embeddable":true,"href":"https:\/\/archive.sana.sy\/es\/index.php?rest_route=\/wp\/v2\/media\/337084"}],"wp:attachment":[{"href":"https:\/\/archive.sana.sy\/es\/index.php?rest_route=%2Fwp%2Fv2%2Fmedia&parent=337083"}],"wp:term":[{"taxonomy":"category","embeddable":true,"href":"https:\/\/archive.sana.sy\/es\/index.php?rest_route=%2Fwp%2Fv2%2Fcategories&post=337083"},{"taxonomy":"post_tag","embeddable":true,"href":"https:\/\/archive.sana.sy\/es\/index.php?rest_route=%2Fwp%2Fv2%2Ftags&post=337083"}],"curies":[{"name":"wp","href":"https:\/\/api.w.org\/{rel}","templated":true}]}}