{"id":337091,"date":"2024-08-31T18:01:17","date_gmt":"2024-08-31T15:01:17","guid":{"rendered":"https:\/\/sana.sy\/es\/?p=337091"},"modified":"2024-08-31T18:01:17","modified_gmt":"2024-08-31T15:01:17","slug":"alepo-renace-tras-reapertura-de-cuatro-de-sus-mercados-antiguos-fotos","status":"publish","type":"post","link":"https:\/\/archive.sana.sy\/es\/?p=337091","title":{"rendered":"Alepo renace tras reapertura de cuatro de sus mercados antiguos (+ fotos)"},"content":{"rendered":"<p style=\"text-align: justify;\"><span style=\"color: #800000;\"><strong>Alepo, 31 ago (SANA)<\/strong> <\/span>La vida vuelve a las arterias de la ciudad vieja de Alepo, una de las urbes m\u00e1s azotadas por la guerra y declarada en 1986 patrimonio de la humanidad.<\/p>\n<p style=\"text-align: justify;\">Gracias a esfuerzos combinados de la comunidad local y las instituciones estatales, cuatro mercados antiguos fueron reinaugurados tras someterse a intensos trabajos de restauraci\u00f3n, con la finalidad de recuperar su vitalidad y funcionalidad por su papel importante no solo en revitalizar la econom\u00eda de Alepo sino tambi\u00e9n preservar su patrimonio cultural e hist\u00f3rico.<\/p>\n<p style=\"text-align: justify;\">De acuerdo con las autoridades locales y los supervisores del proceso de restauraci\u00f3n, esta labor se hizo realidad gracias, en primer lugar, a la firmeza de los alepinos y su firme voluntad por medio de la cual pudieron vencer el terrorismo y echar a andar de nuevo la rueda de la vida.<\/p>\n<p style=\"text-align: justify;\">De acuerdo con el director de la ciudad vieja, hoy, se hizo realidad el sue\u00f1o de los habitantes de la milenaria Alepo de devolver el esp\u00edritu y la vida a su ciudad vieja que incluye unas 24 artesan\u00edas sirias aut\u00e9nticas y m\u00e1s de 200 monumentos arqueol\u00f3gicos que reflejan el estilo de vida de la gente y su actividad econ\u00f3mica y artesanal.<\/p>\n<div id='gallery-1' class='gallery galleryid-337091 gallery-columns-1 gallery-size-full'><figure class='gallery-item'>\n\t\t\t<div class='gallery-icon landscape'>\n\t\t\t\t<a href='https:\/\/archive.sana.sy\/es\/?attachment_id=337094'><img loading=\"lazy\" decoding=\"async\" width=\"2048\" height=\"1365\" src=\"https:\/\/archive.sana.sy\/es\/wp-content\/uploads\/2024\/08\/Alepo-renace-tras-reapertura-de-cuatro-de-sus-mercados-antiguos0000.jpeg\" class=\"attachment-full size-full\" alt=\"\" srcset=\"https:\/\/archive.sana.sy\/es\/wp-content\/uploads\/2024\/08\/Alepo-renace-tras-reapertura-de-cuatro-de-sus-mercados-antiguos0000.jpeg 2048w, https:\/\/archive.sana.sy\/es\/wp-content\/uploads\/2024\/08\/Alepo-renace-tras-reapertura-de-cuatro-de-sus-mercados-antiguos0000-300x200.jpeg 300w, https:\/\/archive.sana.sy\/es\/wp-content\/uploads\/2024\/08\/Alepo-renace-tras-reapertura-de-cuatro-de-sus-mercados-antiguos0000-1024x683.jpeg 1024w, https:\/\/archive.sana.sy\/es\/wp-content\/uploads\/2024\/08\/Alepo-renace-tras-reapertura-de-cuatro-de-sus-mercados-antiguos0000-150x100.jpeg 150w, https:\/\/archive.sana.sy\/es\/wp-content\/uploads\/2024\/08\/Alepo-renace-tras-reapertura-de-cuatro-de-sus-mercados-antiguos0000-768x512.jpeg 768w, https:\/\/archive.sana.sy\/es\/wp-content\/uploads\/2024\/08\/Alepo-renace-tras-reapertura-de-cuatro-de-sus-mercados-antiguos0000-1536x1024.jpeg 1536w\" sizes=\"(max-width: 2048px) 100vw, 2048px\" \/><\/a>\n\t\t\t<\/div><\/figure><figure class='gallery-item'>\n\t\t\t<div class='gallery-icon landscape'>\n\t\t\t\t<a href='https:\/\/archive.sana.sy\/es\/?attachment_id=337095'><img loading=\"lazy\" decoding=\"async\" width=\"2048\" height=\"1365\" src=\"https:\/\/archive.sana.sy\/es\/wp-content\/uploads\/2024\/08\/Alepo-renace-tras-reapertura-de-cuatro-de-sus-mercados-antiguos000.jpeg\" class=\"attachment-full size-full\" alt=\"\" srcset=\"https:\/\/archive.sana.sy\/es\/wp-content\/uploads\/2024\/08\/Alepo-renace-tras-reapertura-de-cuatro-de-sus-mercados-antiguos000.jpeg 2048w, https:\/\/archive.sana.sy\/es\/wp-content\/uploads\/2024\/08\/Alepo-renace-tras-reapertura-de-cuatro-de-sus-mercados-antiguos000-300x200.jpeg 300w, https:\/\/archive.sana.sy\/es\/wp-content\/uploads\/2024\/08\/Alepo-renace-tras-reapertura-de-cuatro-de-sus-mercados-antiguos000-1024x683.jpeg 1024w, https:\/\/archive.sana.sy\/es\/wp-content\/uploads\/2024\/08\/Alepo-renace-tras-reapertura-de-cuatro-de-sus-mercados-antiguos000-150x100.jpeg 150w, https:\/\/archive.sana.sy\/es\/wp-content\/uploads\/2024\/08\/Alepo-renace-tras-reapertura-de-cuatro-de-sus-mercados-antiguos000-768x512.jpeg 768w, https:\/\/archive.sana.sy\/es\/wp-content\/uploads\/2024\/08\/Alepo-renace-tras-reapertura-de-cuatro-de-sus-mercados-antiguos000-1536x1024.jpeg 1536w\" sizes=\"(max-width: 2048px) 100vw, 2048px\" \/><\/a>\n\t\t\t<\/div><\/figure><figure class='gallery-item'>\n\t\t\t<div class='gallery-icon landscape'>\n\t\t\t\t<a href='https:\/\/archive.sana.sy\/es\/?attachment_id=337096'><img loading=\"lazy\" decoding=\"async\" width=\"2048\" height=\"1365\" src=\"https:\/\/archive.sana.sy\/es\/wp-content\/uploads\/2024\/08\/Alepo-renace-tras-reapertura-de-cuatro-de-sus-mercados-antiguos00.jpeg\" class=\"attachment-full size-full\" alt=\"\" srcset=\"https:\/\/archive.sana.sy\/es\/wp-content\/uploads\/2024\/08\/Alepo-renace-tras-reapertura-de-cuatro-de-sus-mercados-antiguos00.jpeg 2048w, https:\/\/archive.sana.sy\/es\/wp-content\/uploads\/2024\/08\/Alepo-renace-tras-reapertura-de-cuatro-de-sus-mercados-antiguos00-300x200.jpeg 300w, https:\/\/archive.sana.sy\/es\/wp-content\/uploads\/2024\/08\/Alepo-renace-tras-reapertura-de-cuatro-de-sus-mercados-antiguos00-1024x683.jpeg 1024w, https:\/\/archive.sana.sy\/es\/wp-content\/uploads\/2024\/08\/Alepo-renace-tras-reapertura-de-cuatro-de-sus-mercados-antiguos00-150x100.jpeg 150w, https:\/\/archive.sana.sy\/es\/wp-content\/uploads\/2024\/08\/Alepo-renace-tras-reapertura-de-cuatro-de-sus-mercados-antiguos00-768x512.jpeg 768w, https:\/\/archive.sana.sy\/es\/wp-content\/uploads\/2024\/08\/Alepo-renace-tras-reapertura-de-cuatro-de-sus-mercados-antiguos00-1536x1024.jpeg 1536w\" sizes=\"(max-width: 2048px) 100vw, 2048px\" \/><\/a>\n\t\t\t<\/div><\/figure><figure class='gallery-item'>\n\t\t\t<div class='gallery-icon landscape'>\n\t\t\t\t<a href='https:\/\/archive.sana.sy\/es\/?attachment_id=337097'><img loading=\"lazy\" decoding=\"async\" width=\"593\" height=\"395\" src=\"https:\/\/archive.sana.sy\/es\/wp-content\/uploads\/2024\/08\/Alepo-renace-tras-reapertura-de-cuatro-de-sus-mercados-antiguos0.jpeg\" class=\"attachment-full size-full\" alt=\"\" srcset=\"https:\/\/archive.sana.sy\/es\/wp-content\/uploads\/2024\/08\/Alepo-renace-tras-reapertura-de-cuatro-de-sus-mercados-antiguos0.jpeg 593w, https:\/\/archive.sana.sy\/es\/wp-content\/uploads\/2024\/08\/Alepo-renace-tras-reapertura-de-cuatro-de-sus-mercados-antiguos0-300x200.jpeg 300w, https:\/\/archive.sana.sy\/es\/wp-content\/uploads\/2024\/08\/Alepo-renace-tras-reapertura-de-cuatro-de-sus-mercados-antiguos0-150x100.jpeg 150w, https:\/\/archive.sana.sy\/es\/wp-content\/uploads\/2024\/08\/Alepo-renace-tras-reapertura-de-cuatro-de-sus-mercados-antiguos0-310x205.jpeg 310w\" sizes=\"(max-width: 593px) 100vw, 593px\" \/><\/a>\n\t\t\t<\/div><\/figure><figure class='gallery-item'>\n\t\t\t<div class='gallery-icon landscape'>\n\t\t\t\t<a href='https:\/\/archive.sana.sy\/es\/?attachment_id=337098'><img loading=\"lazy\" decoding=\"async\" width=\"2048\" height=\"1365\" src=\"https:\/\/archive.sana.sy\/es\/wp-content\/uploads\/2024\/08\/Alepo-renace-tras-reapertura-de-cuatro-de-sus-mercados-antiguos001.jpeg\" class=\"attachment-full size-full\" alt=\"\" srcset=\"https:\/\/archive.sana.sy\/es\/wp-content\/uploads\/2024\/08\/Alepo-renace-tras-reapertura-de-cuatro-de-sus-mercados-antiguos001.jpeg 2048w, https:\/\/archive.sana.sy\/es\/wp-content\/uploads\/2024\/08\/Alepo-renace-tras-reapertura-de-cuatro-de-sus-mercados-antiguos001-300x200.jpeg 300w, https:\/\/archive.sana.sy\/es\/wp-content\/uploads\/2024\/08\/Alepo-renace-tras-reapertura-de-cuatro-de-sus-mercados-antiguos001-1024x683.jpeg 1024w, https:\/\/archive.sana.sy\/es\/wp-content\/uploads\/2024\/08\/Alepo-renace-tras-reapertura-de-cuatro-de-sus-mercados-antiguos001-150x100.jpeg 150w, https:\/\/archive.sana.sy\/es\/wp-content\/uploads\/2024\/08\/Alepo-renace-tras-reapertura-de-cuatro-de-sus-mercados-antiguos001-768x512.jpeg 768w, https:\/\/archive.sana.sy\/es\/wp-content\/uploads\/2024\/08\/Alepo-renace-tras-reapertura-de-cuatro-de-sus-mercados-antiguos001-1536x1024.jpeg 1536w\" sizes=\"(max-width: 2048px) 100vw, 2048px\" \/><\/a>\n\t\t\t<\/div><\/figure><figure class='gallery-item'>\n\t\t\t<div class='gallery-icon landscape'>\n\t\t\t\t<a href='https:\/\/archive.sana.sy\/es\/?attachment_id=337099'><img loading=\"lazy\" decoding=\"async\" width=\"2048\" height=\"1365\" src=\"https:\/\/archive.sana.sy\/es\/wp-content\/uploads\/2024\/08\/Alepo-renace-tras-reapertura-de-cuatro-de-sus-mercados-antiguos01.jpeg\" class=\"attachment-full size-full\" alt=\"\" srcset=\"https:\/\/archive.sana.sy\/es\/wp-content\/uploads\/2024\/08\/Alepo-renace-tras-reapertura-de-cuatro-de-sus-mercados-antiguos01.jpeg 2048w, https:\/\/archive.sana.sy\/es\/wp-content\/uploads\/2024\/08\/Alepo-renace-tras-reapertura-de-cuatro-de-sus-mercados-antiguos01-300x200.jpeg 300w, https:\/\/archive.sana.sy\/es\/wp-content\/uploads\/2024\/08\/Alepo-renace-tras-reapertura-de-cuatro-de-sus-mercados-antiguos01-1024x683.jpeg 1024w, https:\/\/archive.sana.sy\/es\/wp-content\/uploads\/2024\/08\/Alepo-renace-tras-reapertura-de-cuatro-de-sus-mercados-antiguos01-150x100.jpeg 150w, https:\/\/archive.sana.sy\/es\/wp-content\/uploads\/2024\/08\/Alepo-renace-tras-reapertura-de-cuatro-de-sus-mercados-antiguos01-768x512.jpeg 768w, https:\/\/archive.sana.sy\/es\/wp-content\/uploads\/2024\/08\/Alepo-renace-tras-reapertura-de-cuatro-de-sus-mercados-antiguos01-1536x1024.jpeg 1536w\" sizes=\"(max-width: 2048px) 100vw, 2048px\" \/><\/a>\n\t\t\t<\/div><\/figure><figure class='gallery-item'>\n\t\t\t<div class='gallery-icon landscape'>\n\t\t\t\t<a href='https:\/\/archive.sana.sy\/es\/?attachment_id=337100'><img loading=\"lazy\" decoding=\"async\" width=\"2048\" height=\"1365\" src=\"https:\/\/archive.sana.sy\/es\/wp-content\/uploads\/2024\/08\/Alepo-renace-tras-reapertura-de-cuatro-de-sus-mercados-antiguos0010.jpeg\" class=\"attachment-full size-full\" alt=\"\" srcset=\"https:\/\/archive.sana.sy\/es\/wp-content\/uploads\/2024\/08\/Alepo-renace-tras-reapertura-de-cuatro-de-sus-mercados-antiguos0010.jpeg 2048w, https:\/\/archive.sana.sy\/es\/wp-content\/uploads\/2024\/08\/Alepo-renace-tras-reapertura-de-cuatro-de-sus-mercados-antiguos0010-300x200.jpeg 300w, https:\/\/archive.sana.sy\/es\/wp-content\/uploads\/2024\/08\/Alepo-renace-tras-reapertura-de-cuatro-de-sus-mercados-antiguos0010-1024x683.jpeg 1024w, https:\/\/archive.sana.sy\/es\/wp-content\/uploads\/2024\/08\/Alepo-renace-tras-reapertura-de-cuatro-de-sus-mercados-antiguos0010-150x100.jpeg 150w, https:\/\/archive.sana.sy\/es\/wp-content\/uploads\/2024\/08\/Alepo-renace-tras-reapertura-de-cuatro-de-sus-mercados-antiguos0010-768x512.jpeg 768w, https:\/\/archive.sana.sy\/es\/wp-content\/uploads\/2024\/08\/Alepo-renace-tras-reapertura-de-cuatro-de-sus-mercados-antiguos0010-1536x1024.jpeg 1536w\" sizes=\"(max-width: 2048px) 100vw, 2048px\" \/><\/a>\n\t\t\t<\/div><\/figure><figure class='gallery-item'>\n\t\t\t<div class='gallery-icon landscape'>\n\t\t\t\t<a href='https:\/\/archive.sana.sy\/es\/?attachment_id=337101'><img loading=\"lazy\" decoding=\"async\" width=\"2048\" height=\"1365\" src=\"https:\/\/archive.sana.sy\/es\/wp-content\/uploads\/2024\/08\/Alepo-renace-tras-reapertura-de-cuatro-de-sus-mercados-antiguos010.jpeg\" class=\"attachment-full size-full\" alt=\"\" srcset=\"https:\/\/archive.sana.sy\/es\/wp-content\/uploads\/2024\/08\/Alepo-renace-tras-reapertura-de-cuatro-de-sus-mercados-antiguos010.jpeg 2048w, https:\/\/archive.sana.sy\/es\/wp-content\/uploads\/2024\/08\/Alepo-renace-tras-reapertura-de-cuatro-de-sus-mercados-antiguos010-300x200.jpeg 300w, https:\/\/archive.sana.sy\/es\/wp-content\/uploads\/2024\/08\/Alepo-renace-tras-reapertura-de-cuatro-de-sus-mercados-antiguos010-1024x683.jpeg 1024w, https:\/\/archive.sana.sy\/es\/wp-content\/uploads\/2024\/08\/Alepo-renace-tras-reapertura-de-cuatro-de-sus-mercados-antiguos010-150x100.jpeg 150w, https:\/\/archive.sana.sy\/es\/wp-content\/uploads\/2024\/08\/Alepo-renace-tras-reapertura-de-cuatro-de-sus-mercados-antiguos010-768x512.jpeg 768w, https:\/\/archive.sana.sy\/es\/wp-content\/uploads\/2024\/08\/Alepo-renace-tras-reapertura-de-cuatro-de-sus-mercados-antiguos010-1536x1024.jpeg 1536w\" sizes=\"(max-width: 2048px) 100vw, 2048px\" \/><\/a>\n\t\t\t<\/div><\/figure>\n\t\t<\/div>\n\n<p style=\"text-align: justify;\">fm\/sm<\/p>\n","protected":false},"excerpt":{"rendered":"<p>Alepo, 31 ago (SANA) La vida vuelve a las arterias de la ciudad vieja de Alepo, una de las urbes m\u00e1s azotadas por la guerra y declarada en 1986 patrimonio de la humanidad. Gracias a esfuerzos combinados de la comunidad local y las instituciones estatales, cuatro mercados antiguos fueron reinaugurados tras someterse a intensos trabajos &hellip;<\/p>\n","protected":false},"author":39,"featured_media":337093,"comment_status":"closed","ping_status":"closed","sticky":false,"template":"","format":"standard","meta":{"footnotes":""},"categories":[477,597,476,7541,18781],"tags":[],"class_list":["post-337091","post","type-post","status-publish","format-standard","has-post-thumbnail","","category-noticias-edulcorantes","category-cinta-de-noticias","category-locales","category-ultimas-noticias","category-vistazos-sobre-siria"],"_links":{"self":[{"href":"https:\/\/archive.sana.sy\/es\/index.php?rest_route=\/wp\/v2\/posts\/337091"}],"collection":[{"href":"https:\/\/archive.sana.sy\/es\/index.php?rest_route=\/wp\/v2\/posts"}],"about":[{"href":"https:\/\/archive.sana.sy\/es\/index.php?rest_route=\/wp\/v2\/types\/post"}],"author":[{"embeddable":true,"href":"https:\/\/archive.sana.sy\/es\/index.php?rest_route=\/wp\/v2\/users\/39"}],"replies":[{"embeddable":true,"href":"https:\/\/archive.sana.sy\/es\/index.php?rest_route=%2Fwp%2Fv2%2Fcomments&post=337091"}],"version-history":[{"count":1,"href":"https:\/\/archive.sana.sy\/es\/index.php?rest_route=\/wp\/v2\/posts\/337091\/revisions"}],"predecessor-version":[{"id":337102,"href":"https:\/\/archive.sana.sy\/es\/index.php?rest_route=\/wp\/v2\/posts\/337091\/revisions\/337102"}],"wp:featuredmedia":[{"embeddable":true,"href":"https:\/\/archive.sana.sy\/es\/index.php?rest_route=\/wp\/v2\/media\/337093"}],"wp:attachment":[{"href":"https:\/\/archive.sana.sy\/es\/index.php?rest_route=%2Fwp%2Fv2%2Fmedia&parent=337091"}],"wp:term":[{"taxonomy":"category","embeddable":true,"href":"https:\/\/archive.sana.sy\/es\/index.php?rest_route=%2Fwp%2Fv2%2Fcategories&post=337091"},{"taxonomy":"post_tag","embeddable":true,"href":"https:\/\/archive.sana.sy\/es\/index.php?rest_route=%2Fwp%2Fv2%2Ftags&post=337091"}],"curies":[{"name":"wp","href":"https:\/\/api.w.org\/{rel}","templated":true}]}}