{"id":33710,"date":"2015-11-17T20:38:19","date_gmt":"2015-11-17T18:38:19","guid":{"rendered":"http:\/\/sana.sy\/es\/?p=33710"},"modified":"2023-01-09T14:09:39","modified_gmt":"2023-01-09T12:09:39","slug":"danos-materiales-causa-de-un-ataque-terrorista-contra-damasco","status":"publish","type":"post","link":"https:\/\/archive.sana.sy\/es\/?p=33710","title":{"rendered":"Da\u00f1os materiales causa de un ataque terrorista contra Damasco"},"content":{"rendered":"<p style=\"text-align: justify\"><span style=\"color: #800000\">Damasco, SANA<\/span>\u2013 Varias zonas residenciales \u00a0de Damasco han sufrido ataques con proyectiles de mortero lanzados por el grupo terrorista auto-llamado \u00a8Ej\u00e9rcito al-Islam\u00a8.<\/p>\n<p style=\"text-align: justify\">De acuerdo con una fuente de polic\u00eda tres proyectiles de mortero impactaron las zonas de al-Kasa, al-Adawi y el Gimnasio al-Faiha\u00e1 en la capital, causando da\u00f1os materiales en las propiedades p\u00fablicas y privadas, sin registrar p\u00e9rdidas humanas, confirm\u00f3 la fuente.<\/p>\n<p>M.Miri<\/p>\n","protected":false},"excerpt":{"rendered":"<p>Damasco, SANA\u2013 Varias zonas residenciales \u00a0de Damasco han sufrido ataques con proyectiles de mortero lanzados por el grupo terrorista auto-llamado \u00a8Ej\u00e9rcito al-Islam\u00a8. De acuerdo con una fuente de polic\u00eda tres proyectiles de mortero impactaron las zonas de al-Kasa, al-Adawi y el Gimnasio al-Faiha\u00e1 en la capital, causando da\u00f1os materiales en las propiedades p\u00fablicas y privadas, &hellip;<\/p>\n","protected":false},"author":1,"featured_media":20434,"comment_status":"closed","ping_status":"closed","sticky":false,"template":"","format":"standard","meta":{"footnotes":""},"categories":[477,476],"tags":[7409],"class_list":["post-33710","post","type-post","status-publish","format-standard","has-post-thumbnail","","category-noticias-edulcorantes","category-locales","tag-danos-materiales-causa-de-un-ataque-terrorista-contra-damasco"],"_links":{"self":[{"href":"https:\/\/archive.sana.sy\/es\/index.php?rest_route=\/wp\/v2\/posts\/33710"}],"collection":[{"href":"https:\/\/archive.sana.sy\/es\/index.php?rest_route=\/wp\/v2\/posts"}],"about":[{"href":"https:\/\/archive.sana.sy\/es\/index.php?rest_route=\/wp\/v2\/types\/post"}],"author":[{"embeddable":true,"href":"https:\/\/archive.sana.sy\/es\/index.php?rest_route=\/wp\/v2\/users\/1"}],"replies":[{"embeddable":true,"href":"https:\/\/archive.sana.sy\/es\/index.php?rest_route=%2Fwp%2Fv2%2Fcomments&post=33710"}],"version-history":[{"count":0,"href":"https:\/\/archive.sana.sy\/es\/index.php?rest_route=\/wp\/v2\/posts\/33710\/revisions"}],"wp:featuredmedia":[{"embeddable":true,"href":"https:\/\/archive.sana.sy\/es\/index.php?rest_route=\/wp\/v2\/media\/20434"}],"wp:attachment":[{"href":"https:\/\/archive.sana.sy\/es\/index.php?rest_route=%2Fwp%2Fv2%2Fmedia&parent=33710"}],"wp:term":[{"taxonomy":"category","embeddable":true,"href":"https:\/\/archive.sana.sy\/es\/index.php?rest_route=%2Fwp%2Fv2%2Fcategories&post=33710"},{"taxonomy":"post_tag","embeddable":true,"href":"https:\/\/archive.sana.sy\/es\/index.php?rest_route=%2Fwp%2Fv2%2Ftags&post=33710"}],"curies":[{"name":"wp","href":"https:\/\/api.w.org\/{rel}","templated":true}]}}