{"id":337109,"date":"2024-08-31T20:24:21","date_gmt":"2024-08-31T17:24:21","guid":{"rendered":"https:\/\/sana.sy\/es\/?p=337109"},"modified":"2024-08-31T20:24:21","modified_gmt":"2024-08-31T17:24:21","slug":"euro-med-monitor-el-bombardeo-israeli-contra-socorristas-agrava-crisis-humanitaria-en-gaza","status":"publish","type":"post","link":"https:\/\/archive.sana.sy\/es\/?p=337109","title":{"rendered":"Euro-Med Monitor: el bombardeo israel\u00ed contra socorristas agrava crisis humanitaria en Gaza"},"content":{"rendered":"<p style=\"text-align: justify;\"><span style=\"color: #800000;\"><strong>Ginebra, 31 ago (SANA)\u00a0<\/strong> <\/span>El Monitor Euro-Mediterr\u00e1neo de Derechos Humanos confirm\u00f3 que el bombardeo sistem\u00e1tico israel\u00ed contra los trabajadores humanitarios en la Franja de Gaza socava el suministro de ayuda vital y exacerba la catastr\u00f3fica crisis humanitaria.<\/p>\n<p style=\"text-align: justify;\">\u201cDurante los meses de guerra genocida en Gaza, murieron m\u00e1s de 300 trabajadores de socorro, ya fueron palestinos o extranjeros, debido a los ataques israel\u00edes deliberados contra esta franja\u201d, indic\u00f3 la Organizaci\u00f3n en un comunicado.<\/p>\n<p style=\"text-align: justify;\">Agreg\u00f3 que el ocupante sionista est\u00e1 cometiendo cr\u00edmenes complejos al atacar a los trabajadores de ayuda humanitaria y al personal que garantiza la distribuci\u00f3n de alimentos y suministros sanitarios en la Franja, y explic\u00f3 que el bombardeo de los socorristas tiene como objetivo utilizar el hambre como m\u00e9todo para generar el caos en Gaza.<\/p>\n<p style=\"text-align: justify;\">Llam\u00f3 a la comunidad internacional a adoptar posiciones decisivas al respecto y responsabilizar a la ocupaci\u00f3n por los cr\u00edmenes que comete en Gaza.<\/p>\n<p style=\"text-align: justify;\">rr<\/p>\n","protected":false},"excerpt":{"rendered":"<p>Ginebra, 31 ago (SANA)\u00a0 El Monitor Euro-Mediterr\u00e1neo de Derechos Humanos confirm\u00f3 que el bombardeo sistem\u00e1tico israel\u00ed contra los trabajadores humanitarios en la Franja de Gaza socava el suministro de ayuda vital y exacerba la catastr\u00f3fica crisis humanitaria. \u201cDurante los meses de guerra genocida en Gaza, murieron m\u00e1s de 300 trabajadores de socorro, ya fueron palestinos &hellip;<\/p>\n","protected":false},"author":31,"featured_media":337110,"comment_status":"closed","ping_status":"closed","sticky":false,"template":"","format":"standard","meta":{"footnotes":""},"categories":[597,456,16687],"tags":[],"class_list":["post-337109","post","type-post","status-publish","format-standard","has-post-thumbnail","","category-cinta-de-noticias","category-arabe-internacional-politica","category-internacionales"],"_links":{"self":[{"href":"https:\/\/archive.sana.sy\/es\/index.php?rest_route=\/wp\/v2\/posts\/337109"}],"collection":[{"href":"https:\/\/archive.sana.sy\/es\/index.php?rest_route=\/wp\/v2\/posts"}],"about":[{"href":"https:\/\/archive.sana.sy\/es\/index.php?rest_route=\/wp\/v2\/types\/post"}],"author":[{"embeddable":true,"href":"https:\/\/archive.sana.sy\/es\/index.php?rest_route=\/wp\/v2\/users\/31"}],"replies":[{"embeddable":true,"href":"https:\/\/archive.sana.sy\/es\/index.php?rest_route=%2Fwp%2Fv2%2Fcomments&post=337109"}],"version-history":[{"count":1,"href":"https:\/\/archive.sana.sy\/es\/index.php?rest_route=\/wp\/v2\/posts\/337109\/revisions"}],"predecessor-version":[{"id":337111,"href":"https:\/\/archive.sana.sy\/es\/index.php?rest_route=\/wp\/v2\/posts\/337109\/revisions\/337111"}],"wp:featuredmedia":[{"embeddable":true,"href":"https:\/\/archive.sana.sy\/es\/index.php?rest_route=\/wp\/v2\/media\/337110"}],"wp:attachment":[{"href":"https:\/\/archive.sana.sy\/es\/index.php?rest_route=%2Fwp%2Fv2%2Fmedia&parent=337109"}],"wp:term":[{"taxonomy":"category","embeddable":true,"href":"https:\/\/archive.sana.sy\/es\/index.php?rest_route=%2Fwp%2Fv2%2Fcategories&post=337109"},{"taxonomy":"post_tag","embeddable":true,"href":"https:\/\/archive.sana.sy\/es\/index.php?rest_route=%2Fwp%2Fv2%2Ftags&post=337109"}],"curies":[{"name":"wp","href":"https:\/\/api.w.org\/{rel}","templated":true}]}}