{"id":337112,"date":"2024-08-31T20:27:55","date_gmt":"2024-08-31T17:27:55","guid":{"rendered":"https:\/\/sana.sy\/es\/?p=337112"},"modified":"2024-08-31T20:27:55","modified_gmt":"2024-08-31T17:27:55","slug":"brasil-bloquea-la-red-social-x","status":"publish","type":"post","link":"https:\/\/archive.sana.sy\/es\/?p=337112","title":{"rendered":"Brasil bloquea la red social &#8220;X&#8221;"},"content":{"rendered":"<p style=\"text-align: justify;\"><span style=\"color: #800000;\"><strong>Brasilia, 31 ago (SANA)<\/strong><\/span>\u00a0 Las autoridades brasile\u00f1as iniciaron hoy el bloqueo de la red social \u201cX\u201d en implementaci\u00f3n de una reciente orden judicial emitida en el pa\u00eds sudamericana.<\/p>\n<p style=\"text-align: justify;\">Medios locales brasile\u00f1os informaron que el juez del Supremo Tribunal Federal de Brasil, Alexandre de Moraes, orden\u00f3 ayer el bloqueo de &#8220;X&#8221; en el pa\u00eds en un plazo de 24 horas, y les orden\u00f3 a los proveedores de servicio de internet que suspendieran el acceso de los usuarios a esta plataforma.<\/p>\n<p style=\"text-align: justify;\">Moraes denunci\u00f3 la tentativa de \u201cX\u201d de incumplir las \u00f3rdenes judiciales con la intenci\u00f3n de instituir un ambiente de total impunidad y caos en las redes sociales brasile\u00f1as, incluso durante las elecciones municipales de 2024.<\/p>\n<p style=\"text-align: justify;\">Afirm\u00f3 que la suspensi\u00f3n de la red social continuar\u00e1 vigente hasta que paguen las multas que les sean impuestas y nombren un representante legal.<\/p>\n<p style=\"text-align: justify;\">Cabe se\u00f1alar que el n\u00famero de usuarios de \u201cX\u201d en Brasil asciende a 22 millones de personas, seg\u00fan estimaciones del portal \u201cDataReportal\u201d.<\/p>\n<p style=\"text-align: justify;\">rr<\/p>\n","protected":false},"excerpt":{"rendered":"<p>Brasilia, 31 ago (SANA)\u00a0 Las autoridades brasile\u00f1as iniciaron hoy el bloqueo de la red social \u201cX\u201d en implementaci\u00f3n de una reciente orden judicial emitida en el pa\u00eds sudamericana. Medios locales brasile\u00f1os informaron que el juez del Supremo Tribunal Federal de Brasil, Alexandre de Moraes, orden\u00f3 ayer el bloqueo de &#8220;X&#8221; en el pa\u00eds en un &hellip;<\/p>\n","protected":false},"author":31,"featured_media":337113,"comment_status":"closed","ping_status":"closed","sticky":false,"template":"","format":"standard","meta":{"footnotes":""},"categories":[597,456,16687],"tags":[],"class_list":["post-337112","post","type-post","status-publish","format-standard","has-post-thumbnail","","category-cinta-de-noticias","category-arabe-internacional-politica","category-internacionales"],"_links":{"self":[{"href":"https:\/\/archive.sana.sy\/es\/index.php?rest_route=\/wp\/v2\/posts\/337112"}],"collection":[{"href":"https:\/\/archive.sana.sy\/es\/index.php?rest_route=\/wp\/v2\/posts"}],"about":[{"href":"https:\/\/archive.sana.sy\/es\/index.php?rest_route=\/wp\/v2\/types\/post"}],"author":[{"embeddable":true,"href":"https:\/\/archive.sana.sy\/es\/index.php?rest_route=\/wp\/v2\/users\/31"}],"replies":[{"embeddable":true,"href":"https:\/\/archive.sana.sy\/es\/index.php?rest_route=%2Fwp%2Fv2%2Fcomments&post=337112"}],"version-history":[{"count":1,"href":"https:\/\/archive.sana.sy\/es\/index.php?rest_route=\/wp\/v2\/posts\/337112\/revisions"}],"predecessor-version":[{"id":337114,"href":"https:\/\/archive.sana.sy\/es\/index.php?rest_route=\/wp\/v2\/posts\/337112\/revisions\/337114"}],"wp:featuredmedia":[{"embeddable":true,"href":"https:\/\/archive.sana.sy\/es\/index.php?rest_route=\/wp\/v2\/media\/337113"}],"wp:attachment":[{"href":"https:\/\/archive.sana.sy\/es\/index.php?rest_route=%2Fwp%2Fv2%2Fmedia&parent=337112"}],"wp:term":[{"taxonomy":"category","embeddable":true,"href":"https:\/\/archive.sana.sy\/es\/index.php?rest_route=%2Fwp%2Fv2%2Fcategories&post=337112"},{"taxonomy":"post_tag","embeddable":true,"href":"https:\/\/archive.sana.sy\/es\/index.php?rest_route=%2Fwp%2Fv2%2Ftags&post=337112"}],"curies":[{"name":"wp","href":"https:\/\/api.w.org\/{rel}","templated":true}]}}