{"id":337120,"date":"2024-09-01T10:45:39","date_gmt":"2024-09-01T07:45:39","guid":{"rendered":"https:\/\/sana.sy\/es\/?p=337120"},"modified":"2024-09-01T10:46:09","modified_gmt":"2024-09-01T07:46:09","slug":"por-quinto-dia-israel-continua-su-escalada-agresiva-contra-ciudad-de-jenin-en-cisjordania","status":"publish","type":"post","link":"https:\/\/archive.sana.sy\/es\/?p=337120","title":{"rendered":"Por quinto d\u00eda, &#8220;Israel&#8221; contin\u00faa su escalada agresiva contra ciudad de Jenin en Cisjordania"},"content":{"rendered":"<p style=\"text-align: justify;\"><span style=\"color: #800000;\"><strong>Jerusal\u00e9n ocupada, 1 sep (SANA)<\/strong> <\/span>Las fuerzas de ocupaci\u00f3n israel\u00edes contin\u00faan por quinto d\u00eda consecutivo, su brutal agresi\u00f3n contra la ciudad de Jenin y su campamento.<\/p>\n<p style=\"text-align: justify;\">La agencia palestina Wafa inform\u00f3 que durante 5 d\u00edas de escalada al menos 14 palestinos murieron mientras decenas resultaron heridos o arrestados, adem\u00e1s de la destrucci\u00f3n generalizada de propiedades, instalaciones e infraestructuras p\u00fablicas y privadas, incluidas las redes de agua y electricidad.<\/p>\n<p style=\"text-align: justify;\">Por otro lado, las fuerzas de ocupaci\u00f3n siguen imponiendo un estricto asedio a la ciudad y su campamento, y han enviado m\u00e1s refuerzos militares, y asaltaron decenas de casas y abusaron de sus due\u00f1os.<\/p>\n<p style=\"text-align: justify;\">La v\u00edspera, el Ministerio de Asuntos Exteriores y Expatriados de Siria conden\u00f3 la escalada israel\u00ed contra los palestinos en Cisjordania y Jerusal\u00e9n, y denunci\u00f3 el apoyo que recibe \u201cIsrael\u201d de Estados Unidos y otros pa\u00edses occidentales.<\/p>\n<p style=\"text-align: justify;\">Denunci\u00f3 los cr\u00edmenes de genocidio cometidos en Jenin y su campamento, y consider\u00f3 que tales actos atroces se perpetran con todo odio.<\/p>\n<p style=\"text-align: justify;\">Hizo un llamado a los pa\u00edses del mundo que creen en la soberan\u00eda de los estados y sus derechos leg\u00edtimos a hacer frente a estas pol\u00edticas y ataques que amenazan a todas partes del mundo en los niveles pol\u00edtico, legal y econ\u00f3mico.<\/p>\n<p style=\"text-align: justify;\"><span style=\"color: #800000;\"><strong>fm\/ws<\/strong><\/span><\/p>\n","protected":false},"excerpt":{"rendered":"<p>Jerusal\u00e9n ocupada, 1 sep (SANA) Las fuerzas de ocupaci\u00f3n israel\u00edes contin\u00faan por quinto d\u00eda consecutivo, su brutal agresi\u00f3n contra la ciudad de Jenin y su campamento. La agencia palestina Wafa inform\u00f3 que durante 5 d\u00edas de escalada al menos 14 palestinos murieron mientras decenas resultaron heridos o arrestados, adem\u00e1s de la destrucci\u00f3n generalizada de propiedades, &hellip;<\/p>\n","protected":false},"author":35,"featured_media":337121,"comment_status":"closed","ping_status":"closed","sticky":false,"template":"","format":"standard","meta":{"footnotes":""},"categories":[597,456,16687,20724,583],"tags":[],"class_list":["post-337120","post","type-post","status-publish","format-standard","has-post-thumbnail","","category-cinta-de-noticias","category-arabe-internacional-politica","category-internacionales","category-minuto-a-minuto","category-slide"],"_links":{"self":[{"href":"https:\/\/archive.sana.sy\/es\/index.php?rest_route=\/wp\/v2\/posts\/337120"}],"collection":[{"href":"https:\/\/archive.sana.sy\/es\/index.php?rest_route=\/wp\/v2\/posts"}],"about":[{"href":"https:\/\/archive.sana.sy\/es\/index.php?rest_route=\/wp\/v2\/types\/post"}],"author":[{"embeddable":true,"href":"https:\/\/archive.sana.sy\/es\/index.php?rest_route=\/wp\/v2\/users\/35"}],"replies":[{"embeddable":true,"href":"https:\/\/archive.sana.sy\/es\/index.php?rest_route=%2Fwp%2Fv2%2Fcomments&post=337120"}],"version-history":[{"count":2,"href":"https:\/\/archive.sana.sy\/es\/index.php?rest_route=\/wp\/v2\/posts\/337120\/revisions"}],"predecessor-version":[{"id":337123,"href":"https:\/\/archive.sana.sy\/es\/index.php?rest_route=\/wp\/v2\/posts\/337120\/revisions\/337123"}],"wp:featuredmedia":[{"embeddable":true,"href":"https:\/\/archive.sana.sy\/es\/index.php?rest_route=\/wp\/v2\/media\/337121"}],"wp:attachment":[{"href":"https:\/\/archive.sana.sy\/es\/index.php?rest_route=%2Fwp%2Fv2%2Fmedia&parent=337120"}],"wp:term":[{"taxonomy":"category","embeddable":true,"href":"https:\/\/archive.sana.sy\/es\/index.php?rest_route=%2Fwp%2Fv2%2Fcategories&post=337120"},{"taxonomy":"post_tag","embeddable":true,"href":"https:\/\/archive.sana.sy\/es\/index.php?rest_route=%2Fwp%2Fv2%2Ftags&post=337120"}],"curies":[{"name":"wp","href":"https:\/\/api.w.org\/{rel}","templated":true}]}}