{"id":337139,"date":"2024-09-01T13:33:13","date_gmt":"2024-09-01T10:33:13","guid":{"rendered":"https:\/\/sana.sy\/es\/?p=337139"},"modified":"2024-09-01T13:33:13","modified_gmt":"2024-09-01T10:33:13","slug":"localidades-del-sur-libanes-siguen-bajo-bombardeos-israelies","status":"publish","type":"post","link":"https:\/\/archive.sana.sy\/es\/?p=337139","title":{"rendered":"Localidades del sur liban\u00e9s siguen bajo bombardeos israel\u00edes"},"content":{"rendered":"<p style=\"text-align: justify;\"><span style=\"color: #800000;\"><strong>Beirut, 1 sep (SANA)<\/strong><\/span> Ej ej\u00e9rcito de ocupaci\u00f3n israel\u00ed continu\u00f3 sus ataques contra las zonas fronterizas y las ciudades del sur del L\u00edbano.<\/p>\n<p style=\"text-align: justify;\">La artiller\u00eda israel\u00ed bombarde\u00f3 este domingo Wadi Shebaa, mientras los aviones de combate sobrevolaron el sur del L\u00edbano y llegaron hasta el espacio a\u00e9reo del valle de Bekaa, en el este del L\u00edbano.<\/p>\n<p style=\"text-align: justify;\">Poco despu\u00e9s de la medianoche del s\u00e1bado, la localidad de Aita al-Shaab fue blanco de bombardeos de la artiller\u00eda israel\u00ed.<\/p>\n<p style=\"text-align: justify;\">fm\/as<\/p>\n","protected":false},"excerpt":{"rendered":"<p>Beirut, 1 sep (SANA) Ej ej\u00e9rcito de ocupaci\u00f3n israel\u00ed continu\u00f3 sus ataques contra las zonas fronterizas y las ciudades del sur del L\u00edbano. La artiller\u00eda israel\u00ed bombarde\u00f3 este domingo Wadi Shebaa, mientras los aviones de combate sobrevolaron el sur del L\u00edbano y llegaron hasta el espacio a\u00e9reo del valle de Bekaa, en el este del &hellip;<\/p>\n","protected":false},"author":42,"featured_media":337141,"comment_status":"closed","ping_status":"closed","sticky":false,"template":"","format":"standard","meta":{"footnotes":""},"categories":[597,456,16687,20724,7541],"tags":[],"class_list":["post-337139","post","type-post","status-publish","format-standard","has-post-thumbnail","","category-cinta-de-noticias","category-arabe-internacional-politica","category-internacionales","category-minuto-a-minuto","category-ultimas-noticias"],"_links":{"self":[{"href":"https:\/\/archive.sana.sy\/es\/index.php?rest_route=\/wp\/v2\/posts\/337139"}],"collection":[{"href":"https:\/\/archive.sana.sy\/es\/index.php?rest_route=\/wp\/v2\/posts"}],"about":[{"href":"https:\/\/archive.sana.sy\/es\/index.php?rest_route=\/wp\/v2\/types\/post"}],"author":[{"embeddable":true,"href":"https:\/\/archive.sana.sy\/es\/index.php?rest_route=\/wp\/v2\/users\/42"}],"replies":[{"embeddable":true,"href":"https:\/\/archive.sana.sy\/es\/index.php?rest_route=%2Fwp%2Fv2%2Fcomments&post=337139"}],"version-history":[{"count":1,"href":"https:\/\/archive.sana.sy\/es\/index.php?rest_route=\/wp\/v2\/posts\/337139\/revisions"}],"predecessor-version":[{"id":337142,"href":"https:\/\/archive.sana.sy\/es\/index.php?rest_route=\/wp\/v2\/posts\/337139\/revisions\/337142"}],"wp:featuredmedia":[{"embeddable":true,"href":"https:\/\/archive.sana.sy\/es\/index.php?rest_route=\/wp\/v2\/media\/337141"}],"wp:attachment":[{"href":"https:\/\/archive.sana.sy\/es\/index.php?rest_route=%2Fwp%2Fv2%2Fmedia&parent=337139"}],"wp:term":[{"taxonomy":"category","embeddable":true,"href":"https:\/\/archive.sana.sy\/es\/index.php?rest_route=%2Fwp%2Fv2%2Fcategories&post=337139"},{"taxonomy":"post_tag","embeddable":true,"href":"https:\/\/archive.sana.sy\/es\/index.php?rest_route=%2Fwp%2Fv2%2Ftags&post=337139"}],"curies":[{"name":"wp","href":"https:\/\/api.w.org\/{rel}","templated":true}]}}