{"id":337143,"date":"2024-09-01T13:38:11","date_gmt":"2024-09-01T10:38:11","guid":{"rendered":"https:\/\/sana.sy\/es\/?p=337143"},"modified":"2024-09-01T13:38:47","modified_gmt":"2024-09-01T10:38:47","slug":"hallan-los-restos-de-un-helicoptero-ruso-estrellado","status":"publish","type":"post","link":"https:\/\/archive.sana.sy\/es\/?p=337143","title":{"rendered":"Hallan los restos de un helic\u00f3ptero ruso estrellado"},"content":{"rendered":"<p style=\"text-align: justify;\"><span style=\"color: #800000;\"><strong>Mosc\u00fa, 1 sep (SANA)<\/strong> <\/span>El helic\u00f3ptero Mi-8T que desapareci\u00f3 la v\u00edspera con 22 personas a bordo en la regi\u00f3n rusa de Kamchatka fue encontrado hoy.<\/p>\n<p style=\"text-align: justify;\">El Ministerio de Emergencias ruso comunic\u00f3 que los restos del helic\u00f3ptero desaparecido fueron descubiertos desde el aire. Se encuentran a una altitud de 900 metros cerca del lugar donde hicieron contacto por \u00faltima vez.<\/p>\n<p style=\"text-align: justify;\">Agreg\u00f3 que a bordo del helic\u00f3ptero se encuentran 22 personas: tres tripulantes y 19 pasajeros. Ya se han hallado 17 cad\u00e1veres en el lugar del accidente, donde se encuentran nueve rescatistas, y la b\u00fasqueda contin\u00faa.<\/p>\n<p style=\"text-align: justify;\">fm\/as<\/p>\n","protected":false},"excerpt":{"rendered":"<p>Mosc\u00fa, 1 sep (SANA) El helic\u00f3ptero Mi-8T que desapareci\u00f3 la v\u00edspera con 22 personas a bordo en la regi\u00f3n rusa de Kamchatka fue encontrado hoy. El Ministerio de Emergencias ruso comunic\u00f3 que los restos del helic\u00f3ptero desaparecido fueron descubiertos desde el aire. Se encuentran a una altitud de 900 metros cerca del lugar donde hicieron &hellip;<\/p>\n","protected":false},"author":42,"featured_media":337144,"comment_status":"closed","ping_status":"closed","sticky":false,"template":"","format":"standard","meta":{"footnotes":""},"categories":[597,456,16687,20724,7541],"tags":[],"class_list":["post-337143","post","type-post","status-publish","format-standard","has-post-thumbnail","","category-cinta-de-noticias","category-arabe-internacional-politica","category-internacionales","category-minuto-a-minuto","category-ultimas-noticias"],"_links":{"self":[{"href":"https:\/\/archive.sana.sy\/es\/index.php?rest_route=\/wp\/v2\/posts\/337143"}],"collection":[{"href":"https:\/\/archive.sana.sy\/es\/index.php?rest_route=\/wp\/v2\/posts"}],"about":[{"href":"https:\/\/archive.sana.sy\/es\/index.php?rest_route=\/wp\/v2\/types\/post"}],"author":[{"embeddable":true,"href":"https:\/\/archive.sana.sy\/es\/index.php?rest_route=\/wp\/v2\/users\/42"}],"replies":[{"embeddable":true,"href":"https:\/\/archive.sana.sy\/es\/index.php?rest_route=%2Fwp%2Fv2%2Fcomments&post=337143"}],"version-history":[{"count":1,"href":"https:\/\/archive.sana.sy\/es\/index.php?rest_route=\/wp\/v2\/posts\/337143\/revisions"}],"predecessor-version":[{"id":337145,"href":"https:\/\/archive.sana.sy\/es\/index.php?rest_route=\/wp\/v2\/posts\/337143\/revisions\/337145"}],"wp:featuredmedia":[{"embeddable":true,"href":"https:\/\/archive.sana.sy\/es\/index.php?rest_route=\/wp\/v2\/media\/337144"}],"wp:attachment":[{"href":"https:\/\/archive.sana.sy\/es\/index.php?rest_route=%2Fwp%2Fv2%2Fmedia&parent=337143"}],"wp:term":[{"taxonomy":"category","embeddable":true,"href":"https:\/\/archive.sana.sy\/es\/index.php?rest_route=%2Fwp%2Fv2%2Fcategories&post=337143"},{"taxonomy":"post_tag","embeddable":true,"href":"https:\/\/archive.sana.sy\/es\/index.php?rest_route=%2Fwp%2Fv2%2Ftags&post=337143"}],"curies":[{"name":"wp","href":"https:\/\/api.w.org\/{rel}","templated":true}]}}