{"id":337148,"date":"2024-09-01T14:28:28","date_gmt":"2024-09-01T11:28:28","guid":{"rendered":"https:\/\/sana.sy\/es\/?p=337148"},"modified":"2024-09-01T14:28:28","modified_gmt":"2024-09-01T11:28:28","slug":"fuerzas-rusas-neutralizan-a-360-soldados-y-23-blindados-ucranianos-en-kursk","status":"publish","type":"post","link":"https:\/\/archive.sana.sy\/es\/?p=337148","title":{"rendered":"Fuerzas rusas neutralizan a 360 soldados y 23 blindados ucranianos en Kursk"},"content":{"rendered":"<blockquote>\n<p style=\"text-align: justify;\"><strong><span style=\"color: #800000;\">Durante el \u00faltimo d\u00eda, las fuerzas rusas asestaron golpes contra las acumulaciones de tropas y equipos militares ucranianos cerca de 18 localidades de la regi\u00f3n de Kursk y 10 zonas de la regi\u00f3n fronteriza de Sumi.<\/span><\/strong><\/p>\n<\/blockquote>\n<p style=\"text-align: justify;\">\n<span style=\"color: #800000;\"><strong>Mosc\u00fa, 1 sep (SANA)<\/strong><\/span> El Ministerio de Defensa de Rusia inform\u00f3 hoy que las p\u00e9rdidas de las fuerzas de Kiev en la regi\u00f3n rusa de Kursk durante las \u00faltimas 24 horas, ascendieron a 360 soldados y 23 blindados, incluido cuatro tanques.<\/p>\n<p style=\"text-align: justify;\">En su declaraci\u00f3n sobre la situaci\u00f3n en esta regi\u00f3n que fue invadida por unidades ucranianas, los militares rusos repelieron cuatro ataques cerca de las localidades de K\u00f3renevo y Alex\u00e1ndrovka, y frustraron tres intentos de las Fuerzas Armadas de Ucrania de penetrar en las zonas de N\u00edzhniaya Parov\u00e1ya y Pogrebk\u00ed.<\/p>\n<p style=\"text-align: justify;\">Apoyadas por la aviaci\u00f3n y la artiller\u00eda, las fuerzas rusas asestaron golpes contra las acumulaciones de tropas y equipos militares ucranianos cerca de 18 localidades de la regi\u00f3n de Kursk y 10 zonas de la regi\u00f3n fronteriza de Sumi.<\/p>\n<p style=\"text-align: justify;\">En ente castrense aclar\u00f3 que contin\u00faan las acciones de destruir las formaciones de Ucrania, y agreg\u00f3 que, en total, Ucrania ha perdido m\u00e1s de 8.500 militares y 80 tanques durante los combates en Kursk.<\/p>\n<p style=\"text-align: justify;\"><strong>fm\/ws<\/strong><\/p>\n","protected":false},"excerpt":{"rendered":"<p>Durante el \u00faltimo d\u00eda, las fuerzas rusas asestaron golpes contra las acumulaciones de tropas y equipos militares ucranianos cerca de 18 localidades de la regi\u00f3n de Kursk y 10 zonas de la regi\u00f3n fronteriza de Sumi. Mosc\u00fa, 1 sep (SANA) El Ministerio de Defensa de Rusia inform\u00f3 hoy que las p\u00e9rdidas de las fuerzas de &hellip;<\/p>\n","protected":false},"author":35,"featured_media":337149,"comment_status":"closed","ping_status":"closed","sticky":false,"template":"","format":"standard","meta":{"footnotes":""},"categories":[597,456,16687,20724,7541],"tags":[],"class_list":["post-337148","post","type-post","status-publish","format-standard","has-post-thumbnail","","category-cinta-de-noticias","category-arabe-internacional-politica","category-internacionales","category-minuto-a-minuto","category-ultimas-noticias"],"_links":{"self":[{"href":"https:\/\/archive.sana.sy\/es\/index.php?rest_route=\/wp\/v2\/posts\/337148"}],"collection":[{"href":"https:\/\/archive.sana.sy\/es\/index.php?rest_route=\/wp\/v2\/posts"}],"about":[{"href":"https:\/\/archive.sana.sy\/es\/index.php?rest_route=\/wp\/v2\/types\/post"}],"author":[{"embeddable":true,"href":"https:\/\/archive.sana.sy\/es\/index.php?rest_route=\/wp\/v2\/users\/35"}],"replies":[{"embeddable":true,"href":"https:\/\/archive.sana.sy\/es\/index.php?rest_route=%2Fwp%2Fv2%2Fcomments&post=337148"}],"version-history":[{"count":1,"href":"https:\/\/archive.sana.sy\/es\/index.php?rest_route=\/wp\/v2\/posts\/337148\/revisions"}],"predecessor-version":[{"id":337150,"href":"https:\/\/archive.sana.sy\/es\/index.php?rest_route=\/wp\/v2\/posts\/337148\/revisions\/337150"}],"wp:featuredmedia":[{"embeddable":true,"href":"https:\/\/archive.sana.sy\/es\/index.php?rest_route=\/wp\/v2\/media\/337149"}],"wp:attachment":[{"href":"https:\/\/archive.sana.sy\/es\/index.php?rest_route=%2Fwp%2Fv2%2Fmedia&parent=337148"}],"wp:term":[{"taxonomy":"category","embeddable":true,"href":"https:\/\/archive.sana.sy\/es\/index.php?rest_route=%2Fwp%2Fv2%2Fcategories&post=337148"},{"taxonomy":"post_tag","embeddable":true,"href":"https:\/\/archive.sana.sy\/es\/index.php?rest_route=%2Fwp%2Fv2%2Ftags&post=337148"}],"curies":[{"name":"wp","href":"https:\/\/api.w.org\/{rel}","templated":true}]}}