{"id":337151,"date":"2024-09-01T15:05:08","date_gmt":"2024-09-01T12:05:08","guid":{"rendered":"https:\/\/sana.sy\/es\/?p=337151"},"modified":"2024-09-01T16:24:13","modified_gmt":"2024-09-01T13:24:13","slug":"nuevo-balance-de-victimas-palestinas-por-la-guerra-israeli-a-gaza","status":"publish","type":"post","link":"https:\/\/archive.sana.sy\/es\/?p=337151","title":{"rendered":"Nuevo balance de v\u00edctimas palestinas por la guerra israel\u00ed a Gaza"},"content":{"rendered":"<p style=\"text-align: justify;\"><span style=\"color: #800000;\"><strong>Jerusal\u00e9n ocupada, 1 sep (SANA)<\/strong><\/span> El Ministerio de Salud palestino anunci\u00f3 hoy que durante las \u00faltimas 24 horas, el ocupante israel\u00ed cometi\u00f3 3 masacres en la Franja de Gaza, con un saldo de 47 muertos y 94 heridos.<\/p>\n<p style=\"text-align: justify;\">Por medio de una declaraci\u00f3n, el Ministerio revel\u00f3 que el n\u00famero de v\u00edctimas durante 331 d\u00edas de agresi\u00f3n aument\u00f3 a 40 mil 738 muertos y 94 mil 154 heridos.<\/p>\n<p style=\"text-align: justify;\">La nota aclar\u00f3 que miles de v\u00edctimas todav\u00eda se encuentran bajo los escombros y en las carreteras, y las ambulancias y los equipos de defensa civil no pueden alcanzarlos.<\/p>\n<p style=\"text-align: justify;\">Durante el d\u00eda de hoy, cuatro palestinos, entre ellos una ni\u00f1a, perecieron y otros resultaron heridos en bombardeo del ocupante contra el campamento de Bureij en el centro de la Franja de Gaza.<\/p>\n<p style=\"text-align: justify;\">Asimismo, una mujer muri\u00f3 y otras resultaron heridas tras bombardeo del ocupante contra una casa en las cercan\u00edas del Parque Municipal en el centro de la ciudad de Gaza.<\/p>\n<p style=\"text-align: justify;\">fm\/as<\/p>\n","protected":false},"excerpt":{"rendered":"<p>Jerusal\u00e9n ocupada, 1 sep (SANA) El Ministerio de Salud palestino anunci\u00f3 hoy que durante las \u00faltimas 24 horas, el ocupante israel\u00ed cometi\u00f3 3 masacres en la Franja de Gaza, con un saldo de 47 muertos y 94 heridos. Por medio de una declaraci\u00f3n, el Ministerio revel\u00f3 que el n\u00famero de v\u00edctimas durante 331 d\u00edas de &hellip;<\/p>\n","protected":false},"author":42,"featured_media":337152,"comment_status":"closed","ping_status":"closed","sticky":false,"template":"","format":"standard","meta":{"footnotes":""},"categories":[597,456,16687,20724,583],"tags":[],"class_list":["post-337151","post","type-post","status-publish","format-standard","has-post-thumbnail","","category-cinta-de-noticias","category-arabe-internacional-politica","category-internacionales","category-minuto-a-minuto","category-slide"],"_links":{"self":[{"href":"https:\/\/archive.sana.sy\/es\/index.php?rest_route=\/wp\/v2\/posts\/337151"}],"collection":[{"href":"https:\/\/archive.sana.sy\/es\/index.php?rest_route=\/wp\/v2\/posts"}],"about":[{"href":"https:\/\/archive.sana.sy\/es\/index.php?rest_route=\/wp\/v2\/types\/post"}],"author":[{"embeddable":true,"href":"https:\/\/archive.sana.sy\/es\/index.php?rest_route=\/wp\/v2\/users\/42"}],"replies":[{"embeddable":true,"href":"https:\/\/archive.sana.sy\/es\/index.php?rest_route=%2Fwp%2Fv2%2Fcomments&post=337151"}],"version-history":[{"count":1,"href":"https:\/\/archive.sana.sy\/es\/index.php?rest_route=\/wp\/v2\/posts\/337151\/revisions"}],"predecessor-version":[{"id":337153,"href":"https:\/\/archive.sana.sy\/es\/index.php?rest_route=\/wp\/v2\/posts\/337151\/revisions\/337153"}],"wp:featuredmedia":[{"embeddable":true,"href":"https:\/\/archive.sana.sy\/es\/index.php?rest_route=\/wp\/v2\/media\/337152"}],"wp:attachment":[{"href":"https:\/\/archive.sana.sy\/es\/index.php?rest_route=%2Fwp%2Fv2%2Fmedia&parent=337151"}],"wp:term":[{"taxonomy":"category","embeddable":true,"href":"https:\/\/archive.sana.sy\/es\/index.php?rest_route=%2Fwp%2Fv2%2Fcategories&post=337151"},{"taxonomy":"post_tag","embeddable":true,"href":"https:\/\/archive.sana.sy\/es\/index.php?rest_route=%2Fwp%2Fv2%2Ftags&post=337151"}],"curies":[{"name":"wp","href":"https:\/\/api.w.org\/{rel}","templated":true}]}}