{"id":337160,"date":"2024-09-01T16:22:33","date_gmt":"2024-09-01T13:22:33","guid":{"rendered":"https:\/\/sana.sy\/es\/?p=337160"},"modified":"2024-09-01T16:22:33","modified_gmt":"2024-09-01T13:22:33","slug":"mueren-tras-militares-israelies-en-choques-con-la-resistencia-en-cisjordania","status":"publish","type":"post","link":"https:\/\/archive.sana.sy\/es\/?p=337160","title":{"rendered":"Mueren tras militares israel\u00edes en choques con la resistencia en Cisjordania"},"content":{"rendered":"<p style=\"text-align: justify;\"><span style=\"color: #800000;\"><strong>Jerusal\u00e9n ocupada, 1 sep (SANA)<\/strong> <\/span>Tres efectivos israel\u00edes murieron durante choques con la resistencia palestina en la ciudad de Jenin y su campamento, en Cisjordania.<\/p>\n<p>La v\u00edspera, otro uniformado perdi\u00f3 la vida tras una emboscada en Jenin, devastada por las operaciones israel\u00edes.<\/p>\n<p style=\"text-align: justify;\">Desde el inicio de la ofensiva sionista contra la Ribera Occidental, al menos 14 palestinos murieron en la gobernaci\u00f3n de Jenin, cinco en la de Tulkarem y otros cuatro en la de Tubas para sumar 677 v\u00edctimas mortales tras el comienzo del nuevo ciclo de violencia, en octubre del pasado a\u00f1o.<\/p>\n<p style=\"text-align: justify;\">fm\/as<\/p>\n","protected":false},"excerpt":{"rendered":"<p>Jerusal\u00e9n ocupada, 1 sep (SANA) Tres efectivos israel\u00edes murieron durante choques con la resistencia palestina en la ciudad de Jenin y su campamento, en Cisjordania. La v\u00edspera, otro uniformado perdi\u00f3 la vida tras una emboscada en Jenin, devastada por las operaciones israel\u00edes. Desde el inicio de la ofensiva sionista contra la Ribera Occidental, al menos &hellip;<\/p>\n","protected":false},"author":42,"featured_media":337161,"comment_status":"closed","ping_status":"closed","sticky":false,"template":"","format":"standard","meta":{"footnotes":""},"categories":[597,456,16687,20724,7541],"tags":[],"class_list":["post-337160","post","type-post","status-publish","format-standard","has-post-thumbnail","","category-cinta-de-noticias","category-arabe-internacional-politica","category-internacionales","category-minuto-a-minuto","category-ultimas-noticias"],"_links":{"self":[{"href":"https:\/\/archive.sana.sy\/es\/index.php?rest_route=\/wp\/v2\/posts\/337160"}],"collection":[{"href":"https:\/\/archive.sana.sy\/es\/index.php?rest_route=\/wp\/v2\/posts"}],"about":[{"href":"https:\/\/archive.sana.sy\/es\/index.php?rest_route=\/wp\/v2\/types\/post"}],"author":[{"embeddable":true,"href":"https:\/\/archive.sana.sy\/es\/index.php?rest_route=\/wp\/v2\/users\/42"}],"replies":[{"embeddable":true,"href":"https:\/\/archive.sana.sy\/es\/index.php?rest_route=%2Fwp%2Fv2%2Fcomments&post=337160"}],"version-history":[{"count":1,"href":"https:\/\/archive.sana.sy\/es\/index.php?rest_route=\/wp\/v2\/posts\/337160\/revisions"}],"predecessor-version":[{"id":337162,"href":"https:\/\/archive.sana.sy\/es\/index.php?rest_route=\/wp\/v2\/posts\/337160\/revisions\/337162"}],"wp:featuredmedia":[{"embeddable":true,"href":"https:\/\/archive.sana.sy\/es\/index.php?rest_route=\/wp\/v2\/media\/337161"}],"wp:attachment":[{"href":"https:\/\/archive.sana.sy\/es\/index.php?rest_route=%2Fwp%2Fv2%2Fmedia&parent=337160"}],"wp:term":[{"taxonomy":"category","embeddable":true,"href":"https:\/\/archive.sana.sy\/es\/index.php?rest_route=%2Fwp%2Fv2%2Fcategories&post=337160"},{"taxonomy":"post_tag","embeddable":true,"href":"https:\/\/archive.sana.sy\/es\/index.php?rest_route=%2Fwp%2Fv2%2Ftags&post=337160"}],"curies":[{"name":"wp","href":"https:\/\/api.w.org\/{rel}","templated":true}]}}