{"id":3372,"date":"2014-06-23T22:37:44","date_gmt":"2014-06-23T19:37:44","guid":{"rendered":"http:\/\/www.sana.sy\/es\/?p=3372"},"modified":"2014-06-27T17:16:24","modified_gmt":"2014-06-27T14:16:24","slug":"cancilleria-las-agresiones-israelies-contra-sitios-dentro-del-territorio-nacional-constituyen-una-flagrante-violacion-del-acuerdo-de-separacion-de-fuerzas-del-ano-1974","status":"publish","type":"post","link":"https:\/\/archive.sana.sy\/es\/?p=3372","title":{"rendered":"Canciller\u00eda: Las agresiones israel\u00edes contra sitios dentro del territorio nacional constituyen una flagrante violaci\u00f3n del acuerdo de Separaci\u00f3n de Fuerzas del a\u00f1o 1974"},"content":{"rendered":"<p><strong>Damasco-SANA El Ministerio del Exterior y Emigrantes dirigi\u00f3 dos misivas id\u00e9nticas al Secretario General de la ONU y al Presidente del Consejo de Seguridad sobre la agresi\u00f3n israel\u00ed contra sirios dentro del territorio nacional.<\/strong><\/p>\n<p><strong>En las cartas la canciller\u00eda dijo que esta agresi\u00f3n viene en el marco del apoyo directo que provisiona el enemigo israel\u00ed a los grupos terroristas desplegados en la zona de Separaci\u00f3n de Fuerzas.<\/strong><\/p>\n<p><strong>Asimismo se\u00f1al\u00f3 que en una flagrante violaci\u00f3n del acuerdo de Separaci\u00f3n de Fuerzas del a\u00f1o 1974, de la carta de las Naciones Unidas y del derecho internacional, las fuerzas de la ocupaci\u00f3n israel\u00edes procedieron los d\u00edas domingo 22-6-2014 y lunes 23-6-2014 a realizar nuevas agresiones contra sitios dentro del territorio nacional, donde dispararon proyectiles de tanques y de mortero y dos misiles, adem\u00e1s de efectuar cinco incursiones a\u00e9reas contra sitios de las fuerzas de mantenimiento del orden sirias, hecho que caus\u00f3 la muerte de 4 de ellos y heridas a otros 9, a\u00f1\u00e1dale significativos da\u00f1os materiales en los equipamientos.<\/strong><\/p>\n<p><strong>De igual modo explic\u00f3 que en paralelo a las agresiones israel\u00edes los grupos terroristas atacaron los sitios de las fuerzas de mantenimiento del orden que fueron abortados por dichas fuerzas, se\u00f1alando que las agresiones se llevaron a cabo bajo las miras del Subsecretario General de Operaciones de Paz, Herve Ladsus, que se encontraba en la sede de operaciones de las fuerzas de la ONU en el Gol\u00e1n.<\/strong><\/p>\n<p><strong>La canciller\u00eda afirm\u00f3 que esta agresi\u00f3n no solo constituye una flagrante violaci\u00f3n del acuerdo de Separaci\u00f3n de Fuerzas sino tambi\u00e9n pone en peligro la seguridad de los miembros de las Naciones Unidas desplegados all\u00ed.<\/strong><\/p>\n<p><strong>En las cartas, tambi\u00e9n el ministerio de Exteriores agreg\u00f3 que el gobierno de Siria exhorta al Consejo de Seguridad que asuma sus responsabilidades y aplique sus resoluciones para poner fin a los intentos de Israel de agravar la situaci\u00f3n y amenazar la seguridad y la paz en la regi\u00f3n y el mundo, as\u00ed como exige al Consejo a que emita una condena contra dichas agresiones.<\/strong><\/p>\n<p><strong>La canciller\u00eda concluy\u00f3 diciendo: Siria reitera su petici\u00f3n de que el Consejo de Seguridad ejecute las resoluciones pertinentes, sobre todo las resoluciones 242, 338 y 497.<\/strong><\/p>\n<p><strong>Yamil K.-Riyad Sh.<\/strong><\/p>\n","protected":false},"excerpt":{"rendered":"<p>Damasco-SANA El Ministerio del Exterior y Emigrantes dirigi\u00f3 dos misivas id\u00e9nticas al Secretario General de la ONU y al Presidente del Consejo de Seguridad sobre la agresi\u00f3n israel\u00ed contra sirios dentro del territorio nacional. En las cartas la canciller\u00eda dijo que esta agresi\u00f3n viene en el marco del apoyo directo que provisiona el enemigo israel\u00ed &hellip;<\/p>\n","protected":false},"author":1,"featured_media":3373,"comment_status":"closed","ping_status":"closed","sticky":false,"template":"","format":"standard","meta":{"footnotes":""},"categories":[447,597],"tags":[],"class_list":["post-3372","post","type-post","status-publish","format-standard","has-post-thumbnail","","category-local-politica","category-cinta-de-noticias"],"_links":{"self":[{"href":"https:\/\/archive.sana.sy\/es\/index.php?rest_route=\/wp\/v2\/posts\/3372"}],"collection":[{"href":"https:\/\/archive.sana.sy\/es\/index.php?rest_route=\/wp\/v2\/posts"}],"about":[{"href":"https:\/\/archive.sana.sy\/es\/index.php?rest_route=\/wp\/v2\/types\/post"}],"author":[{"embeddable":true,"href":"https:\/\/archive.sana.sy\/es\/index.php?rest_route=\/wp\/v2\/users\/1"}],"replies":[{"embeddable":true,"href":"https:\/\/archive.sana.sy\/es\/index.php?rest_route=%2Fwp%2Fv2%2Fcomments&post=3372"}],"version-history":[{"count":0,"href":"https:\/\/archive.sana.sy\/es\/index.php?rest_route=\/wp\/v2\/posts\/3372\/revisions"}],"wp:featuredmedia":[{"embeddable":true,"href":"https:\/\/archive.sana.sy\/es\/index.php?rest_route=\/wp\/v2\/media\/3373"}],"wp:attachment":[{"href":"https:\/\/archive.sana.sy\/es\/index.php?rest_route=%2Fwp%2Fv2%2Fmedia&parent=3372"}],"wp:term":[{"taxonomy":"category","embeddable":true,"href":"https:\/\/archive.sana.sy\/es\/index.php?rest_route=%2Fwp%2Fv2%2Fcategories&post=3372"},{"taxonomy":"post_tag","embeddable":true,"href":"https:\/\/archive.sana.sy\/es\/index.php?rest_route=%2Fwp%2Fv2%2Ftags&post=3372"}],"curies":[{"name":"wp","href":"https:\/\/api.w.org\/{rel}","templated":true}]}}