{"id":337200,"date":"2024-09-02T14:32:15","date_gmt":"2024-09-02T11:32:15","guid":{"rendered":"https:\/\/sana.sy\/es\/?p=337200"},"modified":"2024-09-02T14:32:15","modified_gmt":"2024-09-02T11:32:15","slug":"la-cifra-de-muertos-en-gaza-se-acerca-a-los-50-mil-mientras-israel-continua-su-agresion","status":"publish","type":"post","link":"https:\/\/archive.sana.sy\/es\/?p=337200","title":{"rendered":"La cifra de muertos en Gaza se acerca a los 50 mil mientras \u201cIsrael\u201d contin\u00faa su agresi\u00f3n"},"content":{"rendered":"<p style=\"text-align: justify;\"><span style=\"color: #800000;\"><strong>Jerusal\u00e9n ocupada, 2 sep (SANA)<\/strong><\/span> La fuerzas de ocupaci\u00f3n israel\u00edes cometieron varias masacres en las \u00faltimas horas en varias zonas en Gaza, dejando decenas de palestinos entre muertos y heridos.<\/p>\n<p style=\"text-align: justify;\">Seg\u00fan inform\u00f3 la agencia de noticias Wafa, un bombardeo a\u00e9reo tuvo como objetivo una vivienda en el campo de refugiados de Bureij en el centro del enclave costero, lo que provoc\u00f3 la muerte de cuatro palestinos y la lesi\u00f3n de otros, mientras el campo de Nuseirat en el centro fue blanco de semejantes ataques.<\/p>\n<p style=\"text-align: justify;\">En el oeste de Gaza, tres civiles fallecieron y otros resultaron heridos tras una incursi\u00f3n sionista contra su autom\u00f3vil mientras. Al mismo tiempo, la artiller\u00eda del ocupante abri\u00f3 fuego contra varias casas de los gazat\u00edes en los barrios de Al-Sabra y Tal Al-Hawa, al suroeste de la ciudad.<\/p>\n<p style=\"text-align: justify;\">Otras masacres fueron cometidas en la localidad de Abasan Al-Kabira, al este de la ciudad sure\u00f1a de Jan Yunis. Tambi\u00e9n en Rafah, la artiller\u00eda bombarde\u00f3 la zona norte de la ciudad.<\/p>\n<p style=\"text-align: justify;\">Seg\u00fan los datos suministrados por el Ministerio de Salud palestino, el n\u00famero de v\u00edctimas se acerc\u00f3 a 50 mil fallecidos y 94 mil 154 lesionados desde el 7 de octubre pasado.<\/p>\n<p style=\"text-align: justify;\">ws\/fm\/\/ed<\/p>\n","protected":false},"excerpt":{"rendered":"<p>Jerusal\u00e9n ocupada, 2 sep (SANA) La fuerzas de ocupaci\u00f3n israel\u00edes cometieron varias masacres en las \u00faltimas horas en varias zonas en Gaza, dejando decenas de palestinos entre muertos y heridos. Seg\u00fan inform\u00f3 la agencia de noticias Wafa, un bombardeo a\u00e9reo tuvo como objetivo una vivienda en el campo de refugiados de Bureij en el centro &hellip;<\/p>\n","protected":false},"author":32,"featured_media":337201,"comment_status":"closed","ping_status":"closed","sticky":false,"template":"","format":"standard","meta":{"footnotes":""},"categories":[456,20724,7541],"tags":[],"class_list":["post-337200","post","type-post","status-publish","format-standard","has-post-thumbnail","","category-arabe-internacional-politica","category-minuto-a-minuto","category-ultimas-noticias"],"_links":{"self":[{"href":"https:\/\/archive.sana.sy\/es\/index.php?rest_route=\/wp\/v2\/posts\/337200"}],"collection":[{"href":"https:\/\/archive.sana.sy\/es\/index.php?rest_route=\/wp\/v2\/posts"}],"about":[{"href":"https:\/\/archive.sana.sy\/es\/index.php?rest_route=\/wp\/v2\/types\/post"}],"author":[{"embeddable":true,"href":"https:\/\/archive.sana.sy\/es\/index.php?rest_route=\/wp\/v2\/users\/32"}],"replies":[{"embeddable":true,"href":"https:\/\/archive.sana.sy\/es\/index.php?rest_route=%2Fwp%2Fv2%2Fcomments&post=337200"}],"version-history":[{"count":1,"href":"https:\/\/archive.sana.sy\/es\/index.php?rest_route=\/wp\/v2\/posts\/337200\/revisions"}],"predecessor-version":[{"id":337202,"href":"https:\/\/archive.sana.sy\/es\/index.php?rest_route=\/wp\/v2\/posts\/337200\/revisions\/337202"}],"wp:featuredmedia":[{"embeddable":true,"href":"https:\/\/archive.sana.sy\/es\/index.php?rest_route=\/wp\/v2\/media\/337201"}],"wp:attachment":[{"href":"https:\/\/archive.sana.sy\/es\/index.php?rest_route=%2Fwp%2Fv2%2Fmedia&parent=337200"}],"wp:term":[{"taxonomy":"category","embeddable":true,"href":"https:\/\/archive.sana.sy\/es\/index.php?rest_route=%2Fwp%2Fv2%2Fcategories&post=337200"},{"taxonomy":"post_tag","embeddable":true,"href":"https:\/\/archive.sana.sy\/es\/index.php?rest_route=%2Fwp%2Fv2%2Ftags&post=337200"}],"curies":[{"name":"wp","href":"https:\/\/api.w.org\/{rel}","templated":true}]}}