{"id":337239,"date":"2024-09-02T20:01:08","date_gmt":"2024-09-02T17:01:08","guid":{"rendered":"https:\/\/sana.sy\/es\/?p=337239"},"modified":"2024-09-02T20:01:08","modified_gmt":"2024-09-02T17:01:08","slug":"al-menos-10-muertos-en-bombardeo-israeli-contra-una-escuela-en-gaza","status":"publish","type":"post","link":"https:\/\/archive.sana.sy\/es\/?p=337239","title":{"rendered":"Al menos 10 muertos en bombardeo israel\u00ed contra una escuela en Gaza"},"content":{"rendered":"<p style=\"text-align: justify;\"><span style=\"color: #800000;\"><strong>Jerusal\u00e9n ocupada, 2 sep (SANA)\u00a0<\/strong><\/span>\u00a0 Al menos 11 personas fallecieron tras ataque de las fuerzas de ocupaci\u00f3n israel\u00edes\u00a0 contra la escuela Safad, en la ciudad de Gaza, que se us\u00f3 como refugio para palestinos desplazados.<\/p>\n<p style=\"text-align: justify;\">De acuerdo con medios palestinos, entre las v\u00edctimas mortales hay una mujer y un ni\u00f1o, mientras varias personas resultaron heridas como consecuencia del ataque.<\/p>\n<p style=\"text-align: justify;\">El comisionado general de la Agencia de Naciones Unidas para los Refugiados de Palestina (UNRWA), Philippe Lazzarini, afirm\u00f3 que m\u00e1s del 70 por ciento de las escuelas de la agencia en la Franja de Gaza fueron destruidas o da\u00f1adas en la actual agresi\u00f3n israel\u00ed contra este enclave costero.<\/p>\n<p style=\"text-align: justify;\">La gran mayor\u00eda de las escuelas se han convertido en refugios superpoblados para cientos de miles de familias desplazadas y no pueden utilizarse para recibir educaci\u00f3n, escribi\u00f3 Lazzarini en la plataforma X.<\/p>\n<p style=\"text-align: justify;\">Agreg\u00f3 que m\u00e1s de 600.000 ni\u00f1os en Gaza, la mitad de los cuales asist\u00edan a escuelas de la UNRWA, est\u00e1n sufriendo graves conmociones (estado de choque) y viven bajo los escombros, privados de educaci\u00f3n.<\/p>\n<p style=\"text-align: justify;\">fm\/ahs<\/p>\n","protected":false},"excerpt":{"rendered":"<p>Jerusal\u00e9n ocupada, 2 sep (SANA)\u00a0\u00a0 Al menos 11 personas fallecieron tras ataque de las fuerzas de ocupaci\u00f3n israel\u00edes\u00a0 contra la escuela Safad, en la ciudad de Gaza, que se us\u00f3 como refugio para palestinos desplazados. De acuerdo con medios palestinos, entre las v\u00edctimas mortales hay una mujer y un ni\u00f1o, mientras varias personas resultaron heridas &hellip;<\/p>\n","protected":false},"author":43,"featured_media":337240,"comment_status":"closed","ping_status":"closed","sticky":false,"template":"","format":"standard","meta":{"footnotes":""},"categories":[597,456,16687,20724,7541],"tags":[],"class_list":["post-337239","post","type-post","status-publish","format-standard","has-post-thumbnail","","category-cinta-de-noticias","category-arabe-internacional-politica","category-internacionales","category-minuto-a-minuto","category-ultimas-noticias"],"_links":{"self":[{"href":"https:\/\/archive.sana.sy\/es\/index.php?rest_route=\/wp\/v2\/posts\/337239"}],"collection":[{"href":"https:\/\/archive.sana.sy\/es\/index.php?rest_route=\/wp\/v2\/posts"}],"about":[{"href":"https:\/\/archive.sana.sy\/es\/index.php?rest_route=\/wp\/v2\/types\/post"}],"author":[{"embeddable":true,"href":"https:\/\/archive.sana.sy\/es\/index.php?rest_route=\/wp\/v2\/users\/43"}],"replies":[{"embeddable":true,"href":"https:\/\/archive.sana.sy\/es\/index.php?rest_route=%2Fwp%2Fv2%2Fcomments&post=337239"}],"version-history":[{"count":1,"href":"https:\/\/archive.sana.sy\/es\/index.php?rest_route=\/wp\/v2\/posts\/337239\/revisions"}],"predecessor-version":[{"id":337241,"href":"https:\/\/archive.sana.sy\/es\/index.php?rest_route=\/wp\/v2\/posts\/337239\/revisions\/337241"}],"wp:featuredmedia":[{"embeddable":true,"href":"https:\/\/archive.sana.sy\/es\/index.php?rest_route=\/wp\/v2\/media\/337240"}],"wp:attachment":[{"href":"https:\/\/archive.sana.sy\/es\/index.php?rest_route=%2Fwp%2Fv2%2Fmedia&parent=337239"}],"wp:term":[{"taxonomy":"category","embeddable":true,"href":"https:\/\/archive.sana.sy\/es\/index.php?rest_route=%2Fwp%2Fv2%2Fcategories&post=337239"},{"taxonomy":"post_tag","embeddable":true,"href":"https:\/\/archive.sana.sy\/es\/index.php?rest_route=%2Fwp%2Fv2%2Ftags&post=337239"}],"curies":[{"name":"wp","href":"https:\/\/api.w.org\/{rel}","templated":true}]}}