{"id":33724,"date":"2015-11-18T12:12:54","date_gmt":"2015-11-18T10:12:54","guid":{"rendered":"http:\/\/www.sana.sy\/es\/?p=33724"},"modified":"2015-11-18T17:17:35","modified_gmt":"2015-11-18T15:17:35","slug":"varios-policias-franceses-resultan-heridos-en-una-operacion-de-seguridad-al-norte-de-paris","status":"publish","type":"post","link":"https:\/\/archive.sana.sy\/es\/?p=33724","title":{"rendered":"Varios polic\u00edas franceses resultan heridos en una operaci\u00f3n de seguridad al norte de Par\u00eds"},"content":{"rendered":"<p><span style=\"color: #800000\">Par\u00eds, SANA<\/span><\/p>\n<p>Varios polic\u00edas franceses resultaron heridos durante un intercambio de fuego en una operaci\u00f3n de la polic\u00eda en el zona de Saint-Denis al norte de Par\u00eds.<\/p>\n<p>Fuentes familiarizadas con la investigaci\u00f3n aseguraron que el operativo forma parte de las investigaciones sobre los atentados terroristas que tuvieron lugar en la capital francesa el pasado viernes.<\/p>\n<p>En el operativo llevado a cabo por las fuerzas policiales antiterroristas y de \u00e9lite, hubo un &#8220;intenso intercambio de fuego, donde resultaron heridos varios polic\u00edas.&#8221;<\/p>\n<p>seg\u00fan fuentes judiciales y policiales, varias personas segu\u00edan atrincherados en un apartamento en Saint-Denis, revelando que la operaci\u00f3n apunta a Abdul Hamid Aba Aud, autor intelectual de los ataques terroristas del Par\u00eds.<\/p>\n<p>Fady M., Lynn A.<\/p>\n","protected":false},"excerpt":{"rendered":"<p>Par\u00eds, SANA Varios polic\u00edas franceses resultaron heridos durante un intercambio de fuego en una operaci\u00f3n de la polic\u00eda en el zona de Saint-Denis al norte de Par\u00eds. Fuentes familiarizadas con la investigaci\u00f3n aseguraron que el operativo forma parte de las investigaciones sobre los atentados terroristas que tuvieron lugar en la capital francesa el pasado viernes. &hellip;<\/p>\n","protected":false},"author":24,"featured_media":33725,"comment_status":"closed","ping_status":"closed","sticky":false,"template":"","format":"standard","meta":{"footnotes":""},"categories":[456,457],"tags":[],"class_list":["post-33724","post","type-post","status-publish","format-standard","has-post-thumbnail","","category-arabe-internacional-politica","category-noticias-arabe-internacional-politica"],"_links":{"self":[{"href":"https:\/\/archive.sana.sy\/es\/index.php?rest_route=\/wp\/v2\/posts\/33724"}],"collection":[{"href":"https:\/\/archive.sana.sy\/es\/index.php?rest_route=\/wp\/v2\/posts"}],"about":[{"href":"https:\/\/archive.sana.sy\/es\/index.php?rest_route=\/wp\/v2\/types\/post"}],"author":[{"embeddable":true,"href":"https:\/\/archive.sana.sy\/es\/index.php?rest_route=\/wp\/v2\/users\/24"}],"replies":[{"embeddable":true,"href":"https:\/\/archive.sana.sy\/es\/index.php?rest_route=%2Fwp%2Fv2%2Fcomments&post=33724"}],"version-history":[{"count":0,"href":"https:\/\/archive.sana.sy\/es\/index.php?rest_route=\/wp\/v2\/posts\/33724\/revisions"}],"wp:featuredmedia":[{"embeddable":true,"href":"https:\/\/archive.sana.sy\/es\/index.php?rest_route=\/wp\/v2\/media\/33725"}],"wp:attachment":[{"href":"https:\/\/archive.sana.sy\/es\/index.php?rest_route=%2Fwp%2Fv2%2Fmedia&parent=33724"}],"wp:term":[{"taxonomy":"category","embeddable":true,"href":"https:\/\/archive.sana.sy\/es\/index.php?rest_route=%2Fwp%2Fv2%2Fcategories&post=33724"},{"taxonomy":"post_tag","embeddable":true,"href":"https:\/\/archive.sana.sy\/es\/index.php?rest_route=%2Fwp%2Fv2%2Ftags&post=33724"}],"curies":[{"name":"wp","href":"https:\/\/api.w.org\/{rel}","templated":true}]}}